{"id":24830,"date":"2024-06-14T13:29:16","date_gmt":"2024-06-14T16:29:16","guid":{"rendered":"https:\/\/radiosurfm.com\/web\/?p=24830"},"modified":"2024-06-14T13:29:16","modified_gmt":"2024-06-14T16:29:16","slug":"volvia-de-brasil-y-la-encontraron-asesinada-en-la-frontera-con-paso-de-los-libres","status":"publish","type":"post","link":"https:\/\/radiosurfm.com\/web\/2024\/06\/14\/volvia-de-brasil-y-la-encontraron-asesinada-en-la-frontera-con-paso-de-los-libres\/","title":{"rendered":"Volv\u00eda de Brasil y la encontraron asesinada en la frontera con Paso de los Libres"},"content":{"rendered":"<p>Mar\u00eda Sol Goyenechea (29) fue encontrada asesinada a golpes en un descampado de la ciudad brasilera de Uruguayana, en el paso fronterizo con Argentina, en cercan\u00edas a la\u00a0localidad correntina de Paso de los Libres.<\/p>\n<p>A pesar de la versi\u00f3n de la\u00a0\u00a0<strong>Polic\u00eda de Brasil que investiga un hecho de inseguridad, sus familiares est\u00e1n seguros de que se trat\u00f3 de un femicidio<\/strong>\u00a0 perpetrado por su pareja.<\/p>\n<p>El cuerpo de la joven fue hallado el s\u00e1bado por la ma\u00f1ana, alrededor de las 9, por un ciclista que circulaba por la ruta 290, en la entrada del barrio Mascarenhas de Moraes, al l\u00edmite con Paso de los Libres.\u00a0\u00a0<strong>Ten\u00eda signos de haber recibido una brutal golpiza y estaba con los pantalones bajos.<\/strong><\/p>\n<p>Mar\u00eda Sol ten\u00eda 29 a\u00f1os, era mam\u00e1 de una nena de 8 y formaba parte de una familia de mochileros. En el \u00faltimo tiempo, estaba trabajando en Brasil con su novio y ten\u00eda pensado volver a la Argentina, m\u00e1s precisamente en C\u00f3rdoba, donde viv\u00eda con su madre. Al momento del asesinato, estaba hospedada en el municipio brasile\u00f1o.<\/p>\n<p>Hern\u00e1n Goyenechea, t\u00edo de la v\u00edctima, dijo a TN que\u00a0\u00a0<strong>sospechan de su pareja por distintos motivos<\/strong>.\u00a0 \u201cLa Polic\u00eda dice que tiene el caso resuelto, que se trat\u00f3 de un hecho de robo, pero no hay detenidos. Nosotros apuntamos a su novio porque sabemos que es una persona violenta y nos resultan extra\u00f1as muchas actitudes de \u00e9l\u201d, expres\u00f3.<\/p>\n<p>Sobre las horas previas al asesinato, cont\u00f3: \u201cEn ese momento sabemos que estaba con el novio, pero la dej\u00f3 que se vaya sola. Nos resulta sospechoso que la haya dejado ir y \u00e9l se quedara. Encima, la Polic\u00eda nos dijo que, tras el crimen, vieron a una persona cruzando el puente hacia Argentina, que parece que ser\u00eda \u00e9l. Es muy rara la situaci\u00f3n\u201d, expres\u00f3 Hern\u00e1n.<\/p>\n<p>A pesar de que les brindaron estos datos a las autoridades brasile\u00f1as,<strong>el hombre no qued\u00f3 detenido.<\/strong>\u00a0 \u201cLo desvincularon del caso porque no ten\u00edan pruebas, pero nosotros aportamos muchas cosas que son relevantes para investigar\u201d, afirm\u00f3.<\/p>\n<div class=\"container_publi\" data-tipo=\"tipo_desktop \" data-pos=\"AMP_P2_cuerpo\">\n<div class=\" lazyloaded\" data-gpt=\"\/22675780113\/nota\/AMP_cuerpo_x\" data-size=\"[750,300]\" data-expand=\"300\"><\/div>\n<\/div>\n<p>Hern\u00e1n confi\u00f3 que est\u00e1n tratando de conseguir informaci\u00f3n por sus propios medios, para colaborar con la Justicia y encontrar la verdad. \u201cEstamos muy solos, viendo qu\u00e9 podemos hacer, c\u00f3mo seguir, tratando de conseguir informaci\u00f3n nosotros mismos. Para colmo, no podemos comunicarnos muy bien con la gente de ac\u00e1 por el idioma\u201d, sostuvo.<\/p>\n<p>Por otro lado, el hombre que viaj\u00f3 hasta Uruguayana con su hermano (pap\u00e1 de la v\u00edctima) para despedir los restos de su sobrina, pidi\u00f3 ayuda para poder repatriar el cuerpo, ya que tiene documentaci\u00f3n paraguaya y no pueden tramitarlo. \u201cSomos una familia de viajeros, pero residimos en Argentina. Ella tiene DNI de Paraguay porque naci\u00f3 all\u00e1, pero vivi\u00f3 siempre en C\u00f3rdoba\u201d, cont\u00f3.<\/p>\n<p>\u201cNecesitamos ayuda del Consulado para poder repatriar el cuerpo, porque queremos enterrarla en Argentina. Ahora la estamos velando en Brasil porque no tenemos otra opci\u00f3n. Le pedimos tambi\u00e9n colaboraci\u00f3n a la Polic\u00eda para que nos d\u00e9 una respuesta, nos dejaron solos\u201d, cerr\u00f3.<\/p>\n","protected":false},"excerpt":{"rendered":"<p>Mar\u00eda Sol Goyenechea (29) fue encontrada asesinada a golpes en un descampado de la ciudad brasilera de Uruguayana, en el paso fronterizo con Argentina, en cercan\u00edas a la\u00a0localidad correntina de Paso de los Libres. A pesar de la versi\u00f3n de la\u00a0\u00a0Polic\u00eda de Brasil que investiga un hecho de inseguridad, sus familiares est\u00e1n seguros de que [&hellip;]<\/p>\n","protected":false},"author":2,"featured_media":24831,"comment_status":"open","ping_status":"open","sticky":false,"template":"","format":"standard","meta":{"footnotes":""},"categories":[68,72],"tags":[],"class_list":["post-24830","post","type-post","status-publish","format-standard","has-post-thumbnail","hentry","category-policiales-nacionales","category-provinciales"],"_links":{"self":[{"href":"https:\/\/radiosurfm.com\/web\/wp-json\/wp\/v2\/posts\/24830","targetHints":{"allow":["GET"]}}],"collection":[{"href":"https:\/\/radiosurfm.com\/web\/wp-json\/wp\/v2\/posts"}],"about":[{"href":"https:\/\/radiosurfm.com\/web\/wp-json\/wp\/v2\/types\/post"}],"author":[{"embeddable":true,"href":"https:\/\/radiosurfm.com\/web\/wp-json\/wp\/v2\/users\/2"}],"replies":[{"embeddable":true,"href":"https:\/\/radiosurfm.com\/web\/wp-json\/wp\/v2\/comments?post=24830"}],"version-history":[{"count":0,"href":"https:\/\/radiosurfm.com\/web\/wp-json\/wp\/v2\/posts\/24830\/revisions"}],"wp:featuredmedia":[{"embeddable":true,"href":"https:\/\/radiosurfm.com\/web\/wp-json\/wp\/v2\/media\/24831"}],"wp:attachment":[{"href":"https:\/\/radiosurfm.com\/web\/wp-json\/wp\/v2\/media?parent=24830"}],"wp:term":[{"taxonomy":"category","embeddable":true,"href":"https:\/\/radiosurfm.com\/web\/wp-json\/wp\/v2\/categories?post=24830"},{"taxonomy":"post_tag","embeddable":true,"href":"https:\/\/radiosurfm.com\/web\/wp-json\/wp\/v2\/tags?post=24830"}],"curies":[{"name":"wp","href":"https:\/\/api.w.org\/{rel}","templated":true}]}}