{"id":24905,"date":"2024-06-18T17:17:41","date_gmt":"2024-06-18T20:17:41","guid":{"rendered":"https:\/\/radiosurfm.com\/web\/?p=24905"},"modified":"2024-06-18T17:17:41","modified_gmt":"2024-06-18T20:17:41","slug":"dolor-en-el-motociclismo-por-el-fallecimiento-de-lorenzo-somaschini","status":"publish","type":"post","link":"https:\/\/radiosurfm.com\/web\/2024\/06\/18\/dolor-en-el-motociclismo-por-el-fallecimiento-de-lorenzo-somaschini\/","title":{"rendered":"Dolor en el motociclismo por el fallecimiento de Lorenzo Somaschini"},"content":{"rendered":"<div>El motociclismo argentino est\u00e1 de luto luego de que se confirmara la muerte de Lorenzo Somaschini, el piloto de 9 a\u00f1os que se hab\u00eda accidentado en Brasil el pasado viernes mientras participaba de una tanda de entrenamientos de cara a la cuarta etapa de la Copa Honda Junior 160 en el Aut\u00f3dromo de Interlagos de la ciudad de San Pablo.<\/div>\n<div><\/div>\n<div>\u201cLa SuperBike Brasil informa, con gran tristeza y dolor, el fallecimiento del conductor Lorenzo Somaschini este lunes (17\/6), a las 19h43. El argentino, nacido del Rosario, fue ingresado en el Hospital Albert Einstein, en S\u00e3o Paulo (SP), bajo cuidados m\u00e9dicos intensivos y, lamentablemente, no resisti\u00f3\u201d, confirm\u00f3 Superbike Brasil mediante sus redes sociales.<\/div>\n","protected":false},"excerpt":{"rendered":"<p>El motociclismo argentino est\u00e1 de luto luego de que se confirmara la muerte de Lorenzo Somaschini, el piloto de 9 a\u00f1os que se hab\u00eda accidentado en Brasil el pasado viernes mientras participaba de una tanda de entrenamientos de cara a la cuarta etapa de la Copa Honda Junior 160 en el Aut\u00f3dromo de Interlagos de [&hellip;]<\/p>\n","protected":false},"author":2,"featured_media":24906,"comment_status":"open","ping_status":"open","sticky":false,"template":"","format":"standard","meta":{"footnotes":""},"categories":[64],"tags":[],"class_list":["post-24905","post","type-post","status-publish","format-standard","has-post-thumbnail","hentry","category-nacionales"],"_links":{"self":[{"href":"https:\/\/radiosurfm.com\/web\/wp-json\/wp\/v2\/posts\/24905","targetHints":{"allow":["GET"]}}],"collection":[{"href":"https:\/\/radiosurfm.com\/web\/wp-json\/wp\/v2\/posts"}],"about":[{"href":"https:\/\/radiosurfm.com\/web\/wp-json\/wp\/v2\/types\/post"}],"author":[{"embeddable":true,"href":"https:\/\/radiosurfm.com\/web\/wp-json\/wp\/v2\/users\/2"}],"replies":[{"embeddable":true,"href":"https:\/\/radiosurfm.com\/web\/wp-json\/wp\/v2\/comments?post=24905"}],"version-history":[{"count":0,"href":"https:\/\/radiosurfm.com\/web\/wp-json\/wp\/v2\/posts\/24905\/revisions"}],"wp:featuredmedia":[{"embeddable":true,"href":"https:\/\/radiosurfm.com\/web\/wp-json\/wp\/v2\/media\/24906"}],"wp:attachment":[{"href":"https:\/\/radiosurfm.com\/web\/wp-json\/wp\/v2\/media?parent=24905"}],"wp:term":[{"taxonomy":"category","embeddable":true,"href":"https:\/\/radiosurfm.com\/web\/wp-json\/wp\/v2\/categories?post=24905"},{"taxonomy":"post_tag","embeddable":true,"href":"https:\/\/radiosurfm.com\/web\/wp-json\/wp\/v2\/tags?post=24905"}],"curies":[{"name":"wp","href":"https:\/\/api.w.org\/{rel}","templated":true}]}}