{"id":24914,"date":"2024-06-18T17:31:36","date_gmt":"2024-06-18T20:31:36","guid":{"rendered":"https:\/\/radiosurfm.com\/web\/?p=24914"},"modified":"2024-06-18T17:31:36","modified_gmt":"2024-06-18T20:31:36","slug":"el-concurso-pintemos-goya-regresa-a-casa-de-la-cultura-por-sugerencia-de-los-artistas","status":"publish","type":"post","link":"https:\/\/radiosurfm.com\/web\/2024\/06\/18\/el-concurso-pintemos-goya-regresa-a-casa-de-la-cultura-por-sugerencia-de-los-artistas\/","title":{"rendered":"El concurso &#8220;Pintemos Goya&#8221; regresa a Casa de la Cultura por sugerencia de los artistas"},"content":{"rendered":"<p>Tras una exitosa presentaci\u00f3n en Buenos Aires, fue bien recibida la noticia de que el concurso &#8220;Pintemos Goya&#8221; regresa a la Casa de la Cultura en respuesta a la petici\u00f3n y sugerencias de los artistas de Buenos Aires. Destacan que la magia y el arte se fusionan en este emblem\u00e1tico escenario, donde se celebrar\u00e1 la 20\u00aa edici\u00f3n del concurso, prometiendo un evento lleno de creatividad y talento art\u00edstico.<\/p>\n<p>El director de Cultura, Manuel Zampar particip\u00f3 en la promoci\u00f3n del cl\u00e1sico Pintemos Goya en la Sociedad Argentina de Artistas Pl\u00e1sticos de Buenos Aires. La presentaci\u00f3n se llev\u00f3 a cabo con la presencia de artistas que participan habitualmente en el concurso de Goya.<\/p>\n<div>Se hizo la inauguraci\u00f3n de la exposici\u00f3n y al mismo tiempo el lanzamiento del Pintemos Goya que ya cumple 20 a\u00f1os.,<\/div>\n<div><\/div>\n<div>El director de Cultura, estuvo acompa\u00f1ado por el coordinador del evento, Leonardo Ramirez Boll.<\/div>\n<div><\/div>\n<div><\/div>\n<div>Estas presentaciones tienen como finalidad convocar a la mayor cantidad de participantes tanto locales, como for\u00e1neos y que \u201csepan abrazar como suyo estos 20 a\u00f1os de la representaci\u00f3n Cultural pict\u00f3rica m\u00e1s grande de la Provincia\u201d.<\/div>\n<div><\/div>\n<div><\/div>\n<div><\/div>\n<div><b>DIRECTOR DE CULTURA<\/b><\/div>\n<div><\/div>\n<div>&#8220;El director de cultura, Manuel Zampar, dio detalles sobre la reciente presentaci\u00f3n, en Buenos Aires, del concurso &#8220;Pintemos Goya&#8221; Lo hizo en Radio Ciudad donde coment\u00f3: &#8220;Ya lo hab\u00edamos hecho en otras oportunidades, lo hicimos en el Sal\u00f3n de Pasos Perdidos de la Facultad de Derecho. En esta oportunidad, nos recibieron en su sala remozada, fuimos recibidos por integrantes de la comisi\u00f3n de la Sociedad Argentina de Artistas Pl\u00e1sticos. Estuvimos sorprendidos porque viaj\u00f3 gente de distintos puntos de Buenos Aires, varios que hab\u00edan venido anteriormente a Goya. Y con la curiosidad misma de qu\u00e9 significaba este Pintemos Goya. La verdad es que realmente concurri\u00f3 mucho el p\u00fablico que estuvo en esa noche\u201d.<\/div>\n<div><\/div>\n<div>\u201cJunto a m\u00ed estuvo acompa\u00f1\u00e1ndome, el coordinador del Pintemos Goya, Leonardo Ram\u00edrez Boll y algunos pintores, que son los goyanos que recorren los distintos eventos como Nora Francia, realmente estuvo muy lindo emotivo ese momento y pudimos hacer no solo la presentaci\u00f3n de la muestra de los cuadros ganadores del Pintemos Goya sino hacer el lanzamiento del 20\u00ba Pintemos Goya\u201d, precis\u00f3.<\/div>\n<div><\/div>\n<div><b>VUELTA A LA CASA DE LA CULTURA<\/b><\/div>\n<div><\/div>\n<div>\n<div>&#8220;Los pintores se acuerdan de cada uno de los directores de Cultura anteriores, de cada uno de los goyanos con los que estuvieron en contacto. Se pusieron contentos cuando les dijimos que volv\u00edamos a tener como epicentro del concurso a la Casa de la Cultura, se dio un di\u00e1logo muy lindo, muy ameno, y tanto que hay algunos que se sumaron en ese momento para este evento que vamos a tener en la Casa de la Cultura\u201d, dijo.<\/div>\n<div><\/div>\n<div><\/div>\n<div>Manuel Zampar detall\u00f3: \u201cSe vuelve a la Casa de la cultura, hab\u00edamos hecho la prueba del Predio Costa Surub\u00ed, todos contentos porque son dos \u00e1mbitos distintos, en Costa del Surub\u00ed se comparte un poco m\u00e1s porque es tan grande el espacio que les permit\u00eda desarrollar su tarea y estar en contacto con los pintores. Pero los mismos goyanos nos ven\u00edan sugiriendo la vuelta a la Casa de la Cultura que tiene magia\u201d.<\/div>\n<div><\/div>\n<div><\/div>\n<div><\/div>\n<div><b>LA INSCRIPCI\u00d3N<\/b><\/div>\n<div><\/div>\n<div>&#8220;El certamen se realizar\u00e1 del 15 al 18 de agosto, quiero contar que como la inscripci\u00f3n es online se pueden inscribir y transferir las inscripciones, tenemos varios inscritos de esa manera, ya se inscribi\u00f3 el pasado 4 de mayo, ya tuvimos la primera inscrita\u201d, coment\u00f3.<\/div>\n<div><\/div>\n<div>&#8220;El lanzamiento tenemos que hacerlo en Goya y ah\u00ed vamos a dar a conocer el link de donde se deben inscribir. Tenemos la confirmaci\u00f3n de Berazategui, Lomas de Zamora, vienen 60 artistas pl\u00e1sticos que ser\u00e1 un buen festejo el pr\u00f3ximo Pintemos Goya\u201d, inform\u00f3.<\/div>\n<div><\/div>\n<div>Confirm\u00f3 que se mantiene el Pintemos Goya Kids: \u201c&#8221;Eso se mantiene a rajatabla, porque ese es el semillero ya hay varios que han pasado por esa etapa si mal no recuerdo y si me equivoco pido disculpas uno de los primeros ganadores del Pintemos Goya fue Robin Baena, vaya si creci\u00f3 Robin despu\u00e9s de ese paso por el Pintemos Goya\u201d.<\/div>\n<div><\/div>\n<div><b>ENTREGA DE CERTIFICADOS<\/b><\/div>\n<div><\/div>\n<div>&#8220;El mi\u00e9rcoles 19 de junio se har\u00e1 la tercera entrega de certificados avalados por el conservatorio Fracassi a todos los que han rendido en el mes de noviembre. Se hace la entrega de certificados que env\u00eda el mismo Conservatorio Fracassi. Esto tendr\u00e1 lugar en la Casa de la Cultura,<\/div>\n<div><\/div>\n<div>\u201cEs una alegr\u00eda enorme que la escuela ha crecido mucho\u201d, dijo.<\/div>\n<\/div>\n","protected":false},"excerpt":{"rendered":"<p>Tras una exitosa presentaci\u00f3n en Buenos Aires, fue bien recibida la noticia de que el concurso &#8220;Pintemos Goya&#8221; regresa a la Casa de la Cultura en respuesta a la petici\u00f3n y sugerencias de los artistas de Buenos Aires. Destacan que la magia y el arte se fusionan en este emblem\u00e1tico escenario, donde se celebrar\u00e1 la [&hellip;]<\/p>\n","protected":false},"author":2,"featured_media":24916,"comment_status":"open","ping_status":"open","sticky":false,"template":"","format":"standard","meta":{"footnotes":""},"categories":[67,56],"tags":[],"class_list":["post-24914","post","type-post","status-publish","format-standard","has-post-thumbnail","hentry","category-cultura","category-locales"],"_links":{"self":[{"href":"https:\/\/radiosurfm.com\/web\/wp-json\/wp\/v2\/posts\/24914","targetHints":{"allow":["GET"]}}],"collection":[{"href":"https:\/\/radiosurfm.com\/web\/wp-json\/wp\/v2\/posts"}],"about":[{"href":"https:\/\/radiosurfm.com\/web\/wp-json\/wp\/v2\/types\/post"}],"author":[{"embeddable":true,"href":"https:\/\/radiosurfm.com\/web\/wp-json\/wp\/v2\/users\/2"}],"replies":[{"embeddable":true,"href":"https:\/\/radiosurfm.com\/web\/wp-json\/wp\/v2\/comments?post=24914"}],"version-history":[{"count":0,"href":"https:\/\/radiosurfm.com\/web\/wp-json\/wp\/v2\/posts\/24914\/revisions"}],"wp:featuredmedia":[{"embeddable":true,"href":"https:\/\/radiosurfm.com\/web\/wp-json\/wp\/v2\/media\/24916"}],"wp:attachment":[{"href":"https:\/\/radiosurfm.com\/web\/wp-json\/wp\/v2\/media?parent=24914"}],"wp:term":[{"taxonomy":"category","embeddable":true,"href":"https:\/\/radiosurfm.com\/web\/wp-json\/wp\/v2\/categories?post=24914"},{"taxonomy":"post_tag","embeddable":true,"href":"https:\/\/radiosurfm.com\/web\/wp-json\/wp\/v2\/tags?post=24914"}],"curies":[{"name":"wp","href":"https:\/\/api.w.org\/{rel}","templated":true}]}}