{"id":24940,"date":"2024-06-21T12:49:11","date_gmt":"2024-06-21T15:49:11","guid":{"rendered":"https:\/\/radiosurfm.com\/web\/?p=24940"},"modified":"2024-06-21T12:49:11","modified_gmt":"2024-06-21T15:49:11","slug":"el-locro-tiene-su-fiesta-provincial-en-curuzu-cuatia","status":"publish","type":"post","link":"https:\/\/radiosurfm.com\/web\/2024\/06\/21\/el-locro-tiene-su-fiesta-provincial-en-curuzu-cuatia\/","title":{"rendered":"El locro tiene su Fiesta Provincial en Curuz\u00fa Cuati\u00e1"},"content":{"rendered":"<p>Crecen las expectativas en Curuz\u00fa Cuati\u00e1 por la 3\u00aa Fiesta Provincial y 17\u00ba Festival del Locro a realizarse los d\u00edas 13 y 14 de julio, en el emblem\u00e1tico parque Mart\u00edn Fierro. \u00abLa directora de Cultura, Virginia Aguirre Talamona brind\u00f3 a EL LIBERTADOR algunos detalles de este cl\u00e1sico concurso gastron\u00f3mico que promete deleitar a los paladares y reunir a la comunidad en torno a una de las tradiciones culinarias m\u00e1s arraigadas de Argentina.<\/p>\n<p>Se espera la participaci\u00f3n de alrededor de medio centenar de locreros provenientes de toda la provincia. El a\u00f1o pasado compitieron 57 equipos que prepararon m\u00e1s de 30 mil porciones de locro.<br \/>\nEste a\u00f1o, los organizadores decidieron implementar algunos cambios en la programaci\u00f3n para optimizar el desarrollo de la fiesta, que experiment\u00f3 un notable crecimiento en los \u00faltimos a\u00f1os.<br \/>\nEl s\u00e1bado 13 de julio se dar\u00e1 inicio a las actividades con el armado del campamento locrero, mientras que por la noche se llevar\u00e1 a cabo la gala de elecci\u00f3n de la Reina de la Fiesta Provincial y un espect\u00e1culo musical.<\/p>\n<p>El domingo 14 de julio ser\u00e1 el d\u00eda central del festival, con el concurso gastron\u00f3mico donde los expertos locreros pondr\u00e1n a prueba sus habilidades culinarias para deleitar al p\u00fablico con sus exquisitas recetas.<\/p>\n<p>OFERTA VARIADA<\/p>\n<p>\u00abEllos hacen locro, pero pueden vender asado con cuero, cordero, lo que quieran; la idea, es que sea una oferta gastron\u00f3mica accesible para que la gente pueda comer lo que quiera y que tengan todos los servicios, desde mesas con mozos, todos esos detalles pensados para que las fiesta siga creciendo\u00bb, agreg\u00f3 la funcionaria.<br \/>\nAdem\u00e1s del esperado suculento y sabroso locro, los visitantes podr\u00e1n disfrutar de una amplia variedad de comidas t\u00edpicas en los diferentes stands gastron\u00f3micos, incluyendo asado a la parrilla y a la estaca, mbaipy, empanadas, pastelitos, tortas fritas, pastafrola y otras delicias. Para completar la experiencia, habr\u00e1 stands de artesanos y emprendedores ofreciendo sus productos regionales.<br \/>\nLa m\u00fasica en vivo, a cargo de reconocidos conjuntos chamameceros, amenizar\u00e1 la jornada.<\/p>\n<p>HABR\u00c1 PREMIOS<\/p>\n<p>Se entregar\u00e1n premios a los mejores platos y a la ornamentaci\u00f3n de los puestos como en las anteriores ediciones.<br \/>\nLa entrada ser\u00e1 libre y gratuita y se espera una gran concurrencia de p\u00fablico local y de turistas de la regi\u00f3n.<br \/>\n\u00abEstamos ultimando los detalles para que la fiesta sea un \u00e9xito\u00bb, afirm\u00f3 Aguirre Talamona a este diario.<br \/>\n\u00abEste a\u00f1o hemos realizado algunos cambios en la programaci\u00f3n para que el p\u00fablico pueda disfrutar al m\u00e1ximo de todas las actividades\u00bb, insisti\u00f3 y agreg\u00f3 que se invit\u00f3 a todos los municipios de la provincia, y ya tuvo respuestas de algunas intendencias dispuestas a apoyar con una delegaci\u00f3n para participar en el festival.<br \/>\nLa Fiesta Provincial del Locro se convirti\u00f3 con el pasar de los a\u00f1os en un encuentro imperdible para las familias de la zona y los turistas.<\/p>\n","protected":false},"excerpt":{"rendered":"<p>Crecen las expectativas en Curuz\u00fa Cuati\u00e1 por la 3\u00aa Fiesta Provincial y 17\u00ba Festival del Locro a realizarse los d\u00edas 13 y 14 de julio, en el emblem\u00e1tico parque Mart\u00edn Fierro. \u00abLa directora de Cultura, Virginia Aguirre Talamona brind\u00f3 a EL LIBERTADOR algunos detalles de este cl\u00e1sico concurso gastron\u00f3mico que promete deleitar a los paladares [&hellip;]<\/p>\n","protected":false},"author":2,"featured_media":24941,"comment_status":"open","ping_status":"open","sticky":false,"template":"","format":"standard","meta":{"footnotes":""},"categories":[67,72],"tags":[],"class_list":["post-24940","post","type-post","status-publish","format-standard","has-post-thumbnail","hentry","category-cultura","category-provinciales"],"_links":{"self":[{"href":"https:\/\/radiosurfm.com\/web\/wp-json\/wp\/v2\/posts\/24940","targetHints":{"allow":["GET"]}}],"collection":[{"href":"https:\/\/radiosurfm.com\/web\/wp-json\/wp\/v2\/posts"}],"about":[{"href":"https:\/\/radiosurfm.com\/web\/wp-json\/wp\/v2\/types\/post"}],"author":[{"embeddable":true,"href":"https:\/\/radiosurfm.com\/web\/wp-json\/wp\/v2\/users\/2"}],"replies":[{"embeddable":true,"href":"https:\/\/radiosurfm.com\/web\/wp-json\/wp\/v2\/comments?post=24940"}],"version-history":[{"count":0,"href":"https:\/\/radiosurfm.com\/web\/wp-json\/wp\/v2\/posts\/24940\/revisions"}],"wp:featuredmedia":[{"embeddable":true,"href":"https:\/\/radiosurfm.com\/web\/wp-json\/wp\/v2\/media\/24941"}],"wp:attachment":[{"href":"https:\/\/radiosurfm.com\/web\/wp-json\/wp\/v2\/media?parent=24940"}],"wp:term":[{"taxonomy":"category","embeddable":true,"href":"https:\/\/radiosurfm.com\/web\/wp-json\/wp\/v2\/categories?post=24940"},{"taxonomy":"post_tag","embeddable":true,"href":"https:\/\/radiosurfm.com\/web\/wp-json\/wp\/v2\/tags?post=24940"}],"curies":[{"name":"wp","href":"https:\/\/api.w.org\/{rel}","templated":true}]}}