{"id":25026,"date":"2024-06-24T13:36:45","date_gmt":"2024-06-24T16:36:45","guid":{"rendered":"https:\/\/radiosurfm.com\/web\/?p=25026"},"modified":"2024-06-24T13:36:45","modified_gmt":"2024-06-24T16:36:45","slug":"movilizacion-en-santa-lucia-en-reclamo-por-el-caso-loan","status":"publish","type":"post","link":"https:\/\/radiosurfm.com\/web\/2024\/06\/24\/movilizacion-en-santa-lucia-en-reclamo-por-el-caso-loan\/","title":{"rendered":"Movilizaci\u00f3n en Santa Luc\u00eda en reclamo por el caso Loan"},"content":{"rendered":"<p>La marcha convoc\u00f3 en la noche del domingo a unos 300 vecinos alrededor de la plaza Libertad con un alto frente a la comisar\u00eda local de la localidad de Santa Luc\u00eda. La protesta fue encabezada por el padre de Carlitos Gonz\u00e1lez, qui\u00e9n lleva m\u00e1s de 30 a\u00f1os desaparecido por un caso similar al de Loan Pe\u00f1a.<\/p>\n","protected":false},"excerpt":{"rendered":"<p>La marcha convoc\u00f3 en la noche del domingo a unos 300 vecinos alrededor de la plaza Libertad con un alto frente a la comisar\u00eda local de la localidad de Santa Luc\u00eda. La protesta fue encabezada por el padre de Carlitos Gonz\u00e1lez, qui\u00e9n lleva m\u00e1s de 30 a\u00f1os desaparecido por un caso similar al de Loan [&hellip;]<\/p>\n","protected":false},"author":2,"featured_media":25027,"comment_status":"open","ping_status":"open","sticky":false,"template":"","format":"standard","meta":{"footnotes":""},"categories":[72],"tags":[],"class_list":["post-25026","post","type-post","status-publish","format-standard","has-post-thumbnail","hentry","category-provinciales"],"_links":{"self":[{"href":"https:\/\/radiosurfm.com\/web\/wp-json\/wp\/v2\/posts\/25026","targetHints":{"allow":["GET"]}}],"collection":[{"href":"https:\/\/radiosurfm.com\/web\/wp-json\/wp\/v2\/posts"}],"about":[{"href":"https:\/\/radiosurfm.com\/web\/wp-json\/wp\/v2\/types\/post"}],"author":[{"embeddable":true,"href":"https:\/\/radiosurfm.com\/web\/wp-json\/wp\/v2\/users\/2"}],"replies":[{"embeddable":true,"href":"https:\/\/radiosurfm.com\/web\/wp-json\/wp\/v2\/comments?post=25026"}],"version-history":[{"count":0,"href":"https:\/\/radiosurfm.com\/web\/wp-json\/wp\/v2\/posts\/25026\/revisions"}],"wp:featuredmedia":[{"embeddable":true,"href":"https:\/\/radiosurfm.com\/web\/wp-json\/wp\/v2\/media\/25027"}],"wp:attachment":[{"href":"https:\/\/radiosurfm.com\/web\/wp-json\/wp\/v2\/media?parent=25026"}],"wp:term":[{"taxonomy":"category","embeddable":true,"href":"https:\/\/radiosurfm.com\/web\/wp-json\/wp\/v2\/categories?post=25026"},{"taxonomy":"post_tag","embeddable":true,"href":"https:\/\/radiosurfm.com\/web\/wp-json\/wp\/v2\/tags?post=25026"}],"curies":[{"name":"wp","href":"https:\/\/api.w.org\/{rel}","templated":true}]}}