{"id":25221,"date":"2024-06-30T21:03:41","date_gmt":"2024-07-01T00:03:41","guid":{"rendered":"https:\/\/radiosurfm.com\/web\/?p=25221"},"modified":"2024-06-30T21:03:41","modified_gmt":"2024-07-01T00:03:41","slug":"caso-loan-los-fiscales-federales-pidieron-la-detencion-de-laudelina-y-la-jueza-se-lo-nego","status":"publish","type":"post","link":"https:\/\/radiosurfm.com\/web\/2024\/06\/30\/caso-loan-los-fiscales-federales-pidieron-la-detencion-de-laudelina-y-la-jueza-se-lo-nego\/","title":{"rendered":"Caso Loan: los fiscales federales pidieron la detenci\u00f3n de Laudelina y la jueza se lo neg\u00f3"},"content":{"rendered":"<p>Los fiscales federales que investigan la desaparici\u00f3n de Loan Danilo Pe\u00f1a pidieron detener a su t\u00eda Laudelina, luego de que denunciara en la Justicia provincial que el chico hab\u00eda muerto en un accidente, al ser atropellado por Carlos P\u00e9rez, principal acusado del caso.<\/p>\n<p>El pedido de detenci\u00f3n fue realizado por los fiscales federales Marcelo Colombo y Alejandra M\u00e1ngano, de la Procuradur\u00eda de Trata y Explotaci\u00f3n de Personas (Protex) y por el fiscal federal de la ciudad correntina de Goya, Mariano De Guzm\u00e1n, a la jueza Cristina Pozzer Penzo.<\/p>\n<p>Sin embargo, la magistrada se neg\u00f3 a aceptar el pedido, seg\u00fan confirmaron fuentes del caso.<\/p>\n<p>El planteo de los fiscales, realizado ayer, se bas\u00f3 en la sospecha de que Laudelina supuestamente plant\u00f3 el bot\u00edn de Loan para confundir a los investigadores en el comienzo de la b\u00fasqueda. Seg\u00fan las mismas fuentes, existen indicios de que la t\u00eda de Loan habr\u00eda participado en plantar esta prueba.<\/p>\n<p>Por eso se allan\u00f3 su casa y se secuestr\u00f3 su tel\u00e9fono el mi\u00e9rcoles pasado, asegura una fuente clave en el caso, aunque no fue imputada de inmediato.<\/p>\n<p>Pozzer Penso argument\u00f3 que, de momento, no hay pruebas suficientes para motivar su arresto. Sin embargo, fuentes del caso aseguran que la PROTEX podr\u00e1 insistir con el pedido de detenci\u00f3n tras reunir m\u00e1s evidencias, entre ellas, una de las m\u00e1s esperadas del caso: la pericia al celular de la t\u00eda, a cargo de la Divisi\u00f3n Pericias Telef\u00f3nicas de la PFA.<\/p>\n","protected":false},"excerpt":{"rendered":"<p>Los fiscales federales que investigan la desaparici\u00f3n de Loan Danilo Pe\u00f1a pidieron detener a su t\u00eda Laudelina, luego de que denunciara en la Justicia provincial que el chico hab\u00eda muerto en un accidente, al ser atropellado por Carlos P\u00e9rez, principal acusado del caso. El pedido de detenci\u00f3n fue realizado por los fiscales federales Marcelo Colombo [&hellip;]<\/p>\n","protected":false},"author":2,"featured_media":25222,"comment_status":"open","ping_status":"open","sticky":false,"template":"","format":"standard","meta":{"footnotes":""},"categories":[68,72],"tags":[],"class_list":["post-25221","post","type-post","status-publish","format-standard","has-post-thumbnail","hentry","category-policiales-nacionales","category-provinciales"],"_links":{"self":[{"href":"https:\/\/radiosurfm.com\/web\/wp-json\/wp\/v2\/posts\/25221","targetHints":{"allow":["GET"]}}],"collection":[{"href":"https:\/\/radiosurfm.com\/web\/wp-json\/wp\/v2\/posts"}],"about":[{"href":"https:\/\/radiosurfm.com\/web\/wp-json\/wp\/v2\/types\/post"}],"author":[{"embeddable":true,"href":"https:\/\/radiosurfm.com\/web\/wp-json\/wp\/v2\/users\/2"}],"replies":[{"embeddable":true,"href":"https:\/\/radiosurfm.com\/web\/wp-json\/wp\/v2\/comments?post=25221"}],"version-history":[{"count":0,"href":"https:\/\/radiosurfm.com\/web\/wp-json\/wp\/v2\/posts\/25221\/revisions"}],"wp:featuredmedia":[{"embeddable":true,"href":"https:\/\/radiosurfm.com\/web\/wp-json\/wp\/v2\/media\/25222"}],"wp:attachment":[{"href":"https:\/\/radiosurfm.com\/web\/wp-json\/wp\/v2\/media?parent=25221"}],"wp:term":[{"taxonomy":"category","embeddable":true,"href":"https:\/\/radiosurfm.com\/web\/wp-json\/wp\/v2\/categories?post=25221"},{"taxonomy":"post_tag","embeddable":true,"href":"https:\/\/radiosurfm.com\/web\/wp-json\/wp\/v2\/tags?post=25221"}],"curies":[{"name":"wp","href":"https:\/\/api.w.org\/{rel}","templated":true}]}}