{"id":25227,"date":"2024-06-30T21:19:30","date_gmt":"2024-07-01T00:19:30","guid":{"rendered":"https:\/\/radiosurfm.com\/web\/?p=25227"},"modified":"2024-06-30T21:19:30","modified_gmt":"2024-07-01T00:19:30","slug":"el-cuidado-de-las-infancias-una-materia-pendiente-loan-y-el-banquillo-mediatico","status":"publish","type":"post","link":"https:\/\/radiosurfm.com\/web\/2024\/06\/30\/el-cuidado-de-las-infancias-una-materia-pendiente-loan-y-el-banquillo-mediatico\/","title":{"rendered":"El cuidado de las infancias, una materia pendiente: Loan y el banquillo medi\u00e1tico"},"content":{"rendered":"<p><b>Loan es un nombre que hoy no necesita de un apellido para ser reconocido en todo el pa\u00eds.<\/b>\u00a0Su imagen, su vida, la de su familia se ventilaron por los medios de comunicaci\u00f3n, especialmente los audiovisuales. Como cada vez que un nombre se convierte en un \u201ccaso\u201d, los derechos empiezan a ser vulnerados. Como toda vez que un ni\u00f1o o ni\u00f1a desaparece o es v\u00edctima de un crimen,\u00a0<b>la preocupaci\u00f3n y el horror de gran parte de la sociedad es el argumento o la excusa de algunos medios para cruzar todos los l\u00edmites de la intimidad de ese ni\u00f1o o ni\u00f1a.<\/b>\u00a0Un Estado que funciona mal no hace m\u00e1s que alimentar un ciclo infinito de pistas falsas, especulaciones, show que enriquecen el rating y entorpecen el objetivo principal que es encontrar al ni\u00f1o con vida.<\/p>\n<div id=\"ad-slot-video_inread\" class=\"ad-slot-video_inread ad-slot\" data-adtype=\"video_inread\" data-google-query-id=\"CNyMl7DHhIcDFaMxNQodxo8CDA\">\n<div id=\"google_ads_iframe_\/349353471\/p12\/nota_video_inread_0__container__\"><iframe id=\"google_ads_iframe_\/349353471\/p12\/nota_video_inread_0\" tabindex=\"0\" title=\"3rd party ad content\" name=\"google_ads_iframe_\/349353471\/p12\/nota_video_inread_0\" width=\"1\" height=\"1\" frameborder=\"0\" marginwidth=\"0\" marginheight=\"0\" scrolling=\"no\" aria-label=\"Advertisement\" data-load-complete=\"true\" data-google-container-id=\"3\" data-mce-fragment=\"1\"><\/iframe><\/div>\n<\/div>\n<div id=\"talkFireEvent\"><\/div>\n<p>Loan Pe\u00f1a, un ni\u00f1o de cinco a\u00f1os de la localidad correntina El Algarrobal, est\u00e1 desaparecido desde el 13 de junio. Aunque en un comienzo se sospechaba que se hab\u00eda perdido, luego se dijo que fue secuestrado y es v\u00edctima de una red de trata, pero tambi\u00e9n que la familia pudo estar involucrada, que tal vez fue un accidente\u00a0<b>y una serie de informaciones que no hacen m\u00e1s que alimentar las ganas de saber que siempre lindan con el morbo.\u00a0<\/b>Mientras tanto, se empez\u00f3 a sospechar de que la hija de Carlos L\u00f3pez, uno de los acusados, fuera Sof\u00eda Herrera por un tremendo parecido con la ni\u00f1a desaparecida aunque finalmente el dato se desestim\u00f3.<\/p>\n<div class=\"slot-available\"><\/div>\n<p>El Estado, en sus distintos niveles, m\u00e1s que despejar o dar claridad al trabajo period\u00edstico, filtr\u00f3 informaciones de dudosa calidad y despu\u00e9s, incluso, dio marcha atr\u00e1s. A nivel nacional, intervino con demoras. La alerta Sof\u00eda, un protocolo que se activa en las primeras horas en que desaparece una ni\u00f1a, ni\u00f1o o adolescente que pueden estar en peligro y que fue instituido a partir de la desaparici\u00f3n de Sof\u00eda Herrera,\u00a0<b>una ni\u00f1a de 3 a\u00f1os que desapareci\u00f3 el 28 de septiembre de 2008 en Tierra del Fuego<\/b>, en este caso se activ\u00f3 cinco o seis d\u00edas despu\u00e9s, seg\u00fan dijo la ex ministra de Seguridad Sabina Frederic.<\/p>\n<p>La actual ministra, Patricia Bullrich,\u00a0 estaba en El Salvador cuando se conoci\u00f3 la desaparici\u00f3n. Esta semana pareciera que, apurada por hacer una demostraci\u00f3n de acci\u00f3n e intervenci\u00f3n en el tema, dijo que viajar\u00eda a Paraguay porque hab\u00eda una pista que dec\u00eda que lo hab\u00edan llevado a ese pa\u00eds, luego se desdijo.\u00a0<b>Finalmente\u00a0anunci\u00f3: &#8220;Ahora voy a ir con todo, con buzos, con personal de monta\u00f1a y de monte. Voy a ir con equipos radiol\u00f3gicos para ver la panza de animales. Hay que ir con todo, porque hay yacar\u00e9s y pumas&#8221;<\/b>. Ahora falta que la veamos vestida de fajina.<\/p>\n<p>\u00bfA qui\u00e9n le sirve todo esto? \u00bfFavorece el objetivo principal que es encontrar al Loan?<\/p>\n<p>El tema es abordado hace a\u00f1os por periodistas que referentes en infancia y por organismos p\u00fablicos e internacionales, como Unicef, la Defensor\u00eda del P\u00fablico y el Consejo Asesor de la Comunicaci\u00f3n Audiovisual y la Infancia (CONACAI), que depende del Ente Nacional de Comunicaciones (ENACOM). Sin embargo, siempre se repiten los errores:\u00a0<b>la sobreexposici\u00f3n, la intromisi\u00f3n en la intimidad, la violaci\u00f3n de la identidad<\/b>, etc\u00e9tera.<\/p>\n<p>Vale la pena preguntarse si quienes ejercen el periodismo, un trabajo hoy precarizado como nunca antes, tienen tiempo para leer estos materiales e incoporarlos en sus rutinas de trabajo extremadamente cargadas y regidas por l\u00f3gicas muy lejanas a la defensa de los derechos humanos.\u00a0<b>Si lo que prima ante la desaparici\u00f3n de un ni\u00f1o es la medici\u00f3n de la audiencia,\u00a0<\/b>si el rating sube o baja, el minuto a minuto o lo que est\u00e1 diciendo la competencia<b>, no hay forma de que los derechos de ese ni\u00f1o sean preservados.<\/b>\u00a0\u201cCuando\u00a0<b>la noticia va escaseando empieza el terreno de la especulaci\u00f3n<\/b>. Porque no es ni siquiera la decisi\u00f3n de un cronista que est\u00e1 en el lugar sino que la jefatura le dice que se extienda por el rating o lo que dice la competencia. Y eso determina una expansi\u00f3n de los tiempos de cobertura que no hay manera de abastecer\u201d, dice\u00a0<b>Hugo Muleiro, especialista en periodismo de infancia y trabajador de la Defensor\u00eda del P\u00fablico<\/b>.<\/p>\n<div class=\"slot-available\"><\/div>\n<p>Hace un par de a\u00f1os, el asesinato de Lucio Dupuy\u00a0provoc\u00f3 consternaci\u00f3n por su gravedad y por la manera en que los medios lo abordaron. En ese momento el CONACAI, que tiene su\u00a0<a href=\"http:\/\/www.consejoinfancia.gob.ar\/wp-content\/uploads\/2020\/11\/guia-tratamiento-web.pdf\" target=\"_blank\" rel=\"noopener\">propias recomendaciones<\/a>, sac\u00f3 una declaraci\u00f3n advirtiendo que se evitaran los detalles morbosos, las especulaciones sobre circunstancias del \u00e1mbito privado y la vulneraci\u00f3n de la dignidad del chico.<\/p>\n<p><b>Hoy, los organismos nacionales que podr\u00edan intervenir en estos casos est\u00e1n sufriendo las pol\u00edticas del actual gobierno nacional de vaciamiento, parate y despidos.\u00a0<\/b>El CONACAI no est\u00e1 funcionando. Su p\u00e1gina de Instagram no tiene movimiento desde diciembre. Las autoridades del ENACOM, intervenido por Juan Mart\u00edn Ozores, no convocaron a designar representantes. Los consejeros son ongs, representantes provinciales y de otros organismos p\u00fablicos nacionales pero no pueden ejercer su rol de si no se convoca a designar representantes. Adem\u00e1s, en marzo, hubo\u00a0despidos en el ENACOM\u00a0como en otros organismos p\u00fablicos.\u00a0<b>Por su parte, esta semana termin\u00f3 el mandato de Miriam Lewin como titular de la Defensor\u00eda del P\u00fablico y no hay se\u00f1ales de inter\u00e9s por resolver su reemplazo.\u00a0<\/b>La Comisi\u00f3n Bicameral que debe aprobar una nueva designaci\u00f3n no est\u00e1 conformada, por lo que hoy el organismo tiene un funcionamiento administrativo m\u00ednimo.<\/p>\n<div class=\"slot-available\"><\/div>\n<p><b>Silvina Lico, abogada especialista en g\u00e9nero e infancia, dijo a P\u00e1gina\/12 que\u00a0<\/b>\u201cel tratamiento de los medios de casos que involucran a ni\u00f1es deber\u00eda hacerse en un marco de responsabilidad y siempre desde una perspectiva de derechos humanos&#8221;. &#8220;<b>Si bien en un primer momento, frente a la ausencia de un ni\u00f1o, la difusi\u00f3n de su imagen resulta imprescindible\u00a0<\/b>frente a las hip\u00f3tesis de extrav\u00edo y de sustracci\u00f3n o trata de personas,\u00a0<b>puede suceder que en aras de una b\u00fasqueda r\u00e1pida o intensa se vulneren derechos personal\u00edsimos que involucran la dignidad de las infancias y sus familias&#8221;, agreg\u00f3. Y sostuvo: &#8220;<\/b>Por ello es\u00a0<b>imprescindible que existan mecanismos estatales de control<\/b>\u00a0y seguimiento de la actuaci\u00f3n de los medios masivos en estos casos, tales como la\u00a0<b>Defensor\u00eda del Publico y\/o la CONACAI<\/b>\u00a0u organismos de protecci\u00f3n integral de derechos de ni\u00f1os y ni\u00f1as, tales como la Defensor\u00eda Nacional o sus similares provinciales\u201d.<\/p>\n<div class=\"slot-available\"><\/div>\n<p>Las normas que protegen estos derechos son la Constituci\u00f3n Nacional, que en su art\u00edculo 75 inciso 22, incorpora la Convenci\u00f3n Internacional sobre Derechos del Ni\u00f1o. En la Ciudad de Buenos Aires, rige la ley 114 y a nivel nacional la ley 26.061 de protecci\u00f3n integral de ni\u00f1os y adolescentes. Estas leyes y \u201cm\u00e1s recientemente el C\u00f3digo Civil de la Naci\u00f3n, en un marco de perspectiva de derechos humanos,\u00a0<b>han consagrado la dignidad de las personas, en especial de ni\u00f1os y ni\u00f1as como un derecho personal\u00edsimo.<\/b>\u00a0El art\u00edculo 22 de la citada ley dedicado enteramente al tr\u00edptico &#8216;dignidad, reputaci\u00f3n y propia imagen&#8217; no deja dudas: la libertad de prensa no tiene car\u00e1cter absoluto y el derecho a la informaci\u00f3n debe ceder frente a intereses de mayor relevancia\u201d, explic\u00f3 Lico.<\/p>\n<p>En ese sentido, cuestion\u00f3 el rol de los medios de comunicaci\u00f3n que \u201cfrente a la necesidad de satisfacer una supuesta inquietud del p\u00fablico soslayan los derechos de las infancias por una audiencia \u00e1vida de detalles irrelevantes que s\u00f3lo llenan horas de pantalla y debates&#8221;.\u00a0<b>&#8220;El morbo por el destino de un ni\u00f1o que falta de su hogar, m\u00e1s a\u00fan cuando se trata de un hogar pobre o vulnerable, no debe ser el eje de cobertura de estos casos\u201d, advirti\u00f3.<\/b><\/p>\n<div class=\"slot-available\"><\/div>\n<p>Por otro lado, Muleiro dijo a este diario que\u00a0<b>no es solo un problema de c\u00f3mo los medios abordan la cuesti\u00f3n sino de las deficiencias del Estado<\/b>. Se trata de \u201cun tema extremadamente complejo\u00a0<b>porque la informaci\u00f3n que emana de todas las capas del estado provincial, municipal, nacional, es contradictoria y para los periodistas es muy complejo<\/b>. No hay un flujo organizado de informaci\u00f3n. Tomando en cuenta eso, lo que vemos es lo que se ve siempre, que hay una\u00a0<b>penetraci\u00f3n muy fuerte en la intimidad de la familia, en la historia personal,<\/b>\u00a0no hay barreras que preserven el derecho a la intimidad de la familia que a su vez se expone a trav\u00e9s de testimonios y dem\u00e1s. Vemos a muchos periodistas tratando de hacer el trabajo que el Estado parece incapaz de hacer que es encaminar la investigaci\u00f3n. Ese mal desempe\u00f1o del Estado estimula a los periodistas\u201d.<\/p>\n<div class=\"slot-available\"><\/div>\n<p>Hay tambi\u00e9n una irresponsabilidad del Estado con declaraciones espectaculares. \u201cCuando desaparece un ni\u00f1o, es un hecho de alto impacto y todo el mundo se posiciona y lo hace por sus intereses. En ese sentido, lo que vemos es que no se cuida es la dignidad del pibe, el cuidado de su entorno, todo lo que aflora en detalles minuciosos de la familia, los intercambios, las relaciones, si hab\u00eda rencores o no, que adem\u00e1s facilitan autoridades de todos los niveles. Ac\u00e1 lo que\u00a0<b>tendr\u00eda que haber es un cuidado severo y terminante de su intimidad y de su vida. Se intentan ventilar detalles que vulneran esa situaci\u00f3n, que adem\u00e1s desv\u00edan el objetivo principal.<\/b>\u00a0Cualquier pronunciamiento espectacular como el anuncio del viaje a otro pa\u00eds, aumenta la confusi\u00f3n y aleja el objetivo principal que es encontrar a Loan\u201d, agreg\u00f3.<\/p>\n<div class=\"slot-available\"><\/div>\n<p>Como recomendaci\u00f3n para los medios, Muleiro dijo que desde la Defensor\u00eda del P\u00fablico, se aconseja \u201ccuidar los derechos de todas las personas involucradas sea cual sea su situaci\u00f3n, cuidar la informaci\u00f3n para que su difusi\u00f3n no constituya un obst\u00e1culo al accionar judicial y de las fuerzas de seguridad para encontrar al ni\u00f1o. Y en este sentido hay responsabilidades del\u00a0<b>Estado porque debe cuidar que procedimientos y b\u00fasquedas no est\u00e9n trascendiendo a los medios<\/b>\u00a0porque dificultan el objetivo. Tendr\u00eda que estar circulando una imagen de este ni\u00f1o que permita reconocerlo y profundizar la difusi\u00f3n. Tendr\u00eda que haber menos especulaci\u00f3n y m\u00e1s datos concretos y precisos.\u00a0<b>Circulaci\u00f3n m\u00e1s organizada de la informaci\u00f3n por parte del Estado y un apego de los medios a los derechos<\/b>\u00a0<b>de las personas\u00a0<\/b>involucradas, especialmente en ni\u00f1os\u201d, plante\u00f3. \u201cCuando prima una l\u00f3gica mercantil, empiezan los problemas y las vulneraciones\u201d, finaliz\u00f3.<\/p>\n","protected":false},"excerpt":{"rendered":"<p>Loan es un nombre que hoy no necesita de un apellido para ser reconocido en todo el pa\u00eds.\u00a0Su imagen, su vida, la de su familia se ventilaron por los medios de comunicaci\u00f3n, especialmente los audiovisuales. Como cada vez que un nombre se convierte en un \u201ccaso\u201d, los derechos empiezan a ser vulnerados. Como toda vez [&hellip;]<\/p>\n","protected":false},"author":2,"featured_media":25228,"comment_status":"open","ping_status":"open","sticky":false,"template":"","format":"standard","meta":{"footnotes":""},"categories":[64],"tags":[],"class_list":["post-25227","post","type-post","status-publish","format-standard","has-post-thumbnail","hentry","category-nacionales"],"_links":{"self":[{"href":"https:\/\/radiosurfm.com\/web\/wp-json\/wp\/v2\/posts\/25227","targetHints":{"allow":["GET"]}}],"collection":[{"href":"https:\/\/radiosurfm.com\/web\/wp-json\/wp\/v2\/posts"}],"about":[{"href":"https:\/\/radiosurfm.com\/web\/wp-json\/wp\/v2\/types\/post"}],"author":[{"embeddable":true,"href":"https:\/\/radiosurfm.com\/web\/wp-json\/wp\/v2\/users\/2"}],"replies":[{"embeddable":true,"href":"https:\/\/radiosurfm.com\/web\/wp-json\/wp\/v2\/comments?post=25227"}],"version-history":[{"count":0,"href":"https:\/\/radiosurfm.com\/web\/wp-json\/wp\/v2\/posts\/25227\/revisions"}],"wp:featuredmedia":[{"embeddable":true,"href":"https:\/\/radiosurfm.com\/web\/wp-json\/wp\/v2\/media\/25228"}],"wp:attachment":[{"href":"https:\/\/radiosurfm.com\/web\/wp-json\/wp\/v2\/media?parent=25227"}],"wp:term":[{"taxonomy":"category","embeddable":true,"href":"https:\/\/radiosurfm.com\/web\/wp-json\/wp\/v2\/categories?post=25227"},{"taxonomy":"post_tag","embeddable":true,"href":"https:\/\/radiosurfm.com\/web\/wp-json\/wp\/v2\/tags?post=25227"}],"curies":[{"name":"wp","href":"https:\/\/api.w.org\/{rel}","templated":true}]}}