{"id":25259,"date":"2024-07-03T17:38:00","date_gmt":"2024-07-03T20:38:00","guid":{"rendered":"https:\/\/radiosurfm.com\/web\/?p=25259"},"modified":"2024-07-03T17:45:46","modified_gmt":"2024-07-03T20:45:46","slug":"aumenta-la-luz-trasladan-aumento-del-precio-de-energia-mayorista-a-las-tarifas-de-la-dpec","status":"publish","type":"post","link":"https:\/\/radiosurfm.com\/web\/2024\/07\/03\/aumenta-la-luz-trasladan-aumento-del-precio-de-energia-mayorista-a-las-tarifas-de-la-dpec\/","title":{"rendered":"AUMENTA LA LUZ: Trasladan aumento del precio de energ\u00eda mayorista a las tarifas de la Dpec"},"content":{"rendered":"<div>El Gobierno provincial avanz\u00f3 en el traspaso autom\u00e1tico a las tarifas de la Direcci\u00f3n Provincial de Energ\u00eda de Corrientes (Dpec) de aumentos en el precio<\/div>\n<div><\/div>\n<div>mayorista de la energ\u00eda fijados por la Secretar\u00eda de Energ\u00eda de la Naci\u00f3n para el periodo junio\/julio de 2024. El traspaso se realiz\u00f3 sobre los valores de la primera etapa del Cuadro Tarifario 2024 de la Dpec.<\/div>\n<div><\/div>\n<div>La empresa provincial empez\u00f3 recientemente a aplicar el primero de los dos tramos dispuestos para la aplicaci\u00f3n del Cuadro Tarifario 2024 debatido en audiencia p\u00fablica a mediados de febrero.<\/div>\n<div><\/div>\n<div>Pero sobre esos valores, ahora se aplicar\u00e1n nuevos aumentos dentro del mecanismo &#8220;Pass Through&#8221;, por el cual la Dpec est\u00e1 autorizada a trasladar de manera autom\u00e1tica a las tarifas los aumentos en la energ\u00eda mayorista que compra la Provincia, sin necesidad de recurrir a audiencia p\u00fablica.<\/div>\n<div><\/div>\n<div>As\u00ed, el traspaso autom\u00e1tico ser\u00e1 de los nuevos costos mayoristas en el MEM para el per\u00edodo junio\/2024-julio\/2024 establecidos por resoluci\u00f3n de la Secretar\u00eda de Energ\u00eda de la Naci\u00f3n N\u00ba 92\/2024 y la resoluci\u00f3n del Ente Provincial Regulador de la Energ\u00eda de Entre R\u00edos N\u00ba 125\/2024 que provee de energ\u00eda a localidades del sur de la provincia de Corrientes.<\/div>\n<div><\/div>\n<div>De esta manera, el incremento de los precios mayoristas impactar\u00e1 sobre los valores correspondientes a la primera etapa del Cuadro Tarifario 2024.<\/div>\n<div><\/div>\n<div>Las nuevas tarifas fueron aprobadas por la Resoluci\u00f3n 655 dictada por la Direcci\u00f3n Provincial de Energ\u00eda de Corrientes y posteriormente avalada por la Resoluci\u00f3n N\u00ba 20 del Presidente Provisorio del Ente Provincial Regulador El\u00e9ctrico, para ser finalmente respaldada por el Decreto 1616 firmado por el gobernador Gustavo Vald\u00e9s.<\/div>\n<div><\/div>\n<div>Cabe recordar que las nuevas facturas de la Dpec estaban previstas que comenzaran a llegar con fuertes aumentos debido al progresivo retiro de subsidios que est\u00e1 aplicando el Estado nacional.<\/div>\n<div><\/div>\n<div>La segmentaci\u00f3n prev\u00e9 valores seg\u00fan categor\u00edas de usuarios, y con valores subsidiados de acuerdo a niveles de consumo.<\/div>\n<div><\/div>\n<div>Respecto al Cuadro Tarifario 2024, el Gobierno de Corrientes dispuso mediante el Decreto 1616, de principios de abril, la aplicaci\u00f3n gradual y progresiva del nuevo cuadro tarifario con el fin de aminorar el impacto en los usuarios finales.<\/div>\n","protected":false},"excerpt":{"rendered":"<p>El Gobierno provincial avanz\u00f3 en el traspaso autom\u00e1tico a las tarifas de la Direcci\u00f3n Provincial de Energ\u00eda de Corrientes (Dpec) de aumentos en el precio mayorista de la energ\u00eda fijados por la Secretar\u00eda de Energ\u00eda de la Naci\u00f3n para el periodo junio\/julio de 2024. El traspaso se realiz\u00f3 sobre los valores de la primera etapa [&hellip;]<\/p>\n","protected":false},"author":2,"featured_media":23504,"comment_status":"open","ping_status":"open","sticky":false,"template":"","format":"standard","meta":{"footnotes":""},"categories":[65,56],"tags":[],"class_list":["post-25259","post","type-post","status-publish","format-standard","has-post-thumbnail","hentry","category-economia","category-locales"],"_links":{"self":[{"href":"https:\/\/radiosurfm.com\/web\/wp-json\/wp\/v2\/posts\/25259","targetHints":{"allow":["GET"]}}],"collection":[{"href":"https:\/\/radiosurfm.com\/web\/wp-json\/wp\/v2\/posts"}],"about":[{"href":"https:\/\/radiosurfm.com\/web\/wp-json\/wp\/v2\/types\/post"}],"author":[{"embeddable":true,"href":"https:\/\/radiosurfm.com\/web\/wp-json\/wp\/v2\/users\/2"}],"replies":[{"embeddable":true,"href":"https:\/\/radiosurfm.com\/web\/wp-json\/wp\/v2\/comments?post=25259"}],"version-history":[{"count":0,"href":"https:\/\/radiosurfm.com\/web\/wp-json\/wp\/v2\/posts\/25259\/revisions"}],"wp:featuredmedia":[{"embeddable":true,"href":"https:\/\/radiosurfm.com\/web\/wp-json\/wp\/v2\/media\/23504"}],"wp:attachment":[{"href":"https:\/\/radiosurfm.com\/web\/wp-json\/wp\/v2\/media?parent=25259"}],"wp:term":[{"taxonomy":"category","embeddable":true,"href":"https:\/\/radiosurfm.com\/web\/wp-json\/wp\/v2\/categories?post=25259"},{"taxonomy":"post_tag","embeddable":true,"href":"https:\/\/radiosurfm.com\/web\/wp-json\/wp\/v2\/tags?post=25259"}],"curies":[{"name":"wp","href":"https:\/\/api.w.org\/{rel}","templated":true}]}}