{"id":25303,"date":"2024-07-04T15:38:23","date_gmt":"2024-07-04T18:38:23","guid":{"rendered":"https:\/\/radiosurfm.com\/web\/?p=25303"},"modified":"2024-07-04T15:38:23","modified_gmt":"2024-07-04T18:38:23","slug":"comunicado-de-la-municipalidad-de-goya-suspension-temporal-de-atencion-al-publico-por-fumigacion","status":"publish","type":"post","link":"https:\/\/radiosurfm.com\/web\/2024\/07\/04\/comunicado-de-la-municipalidad-de-goya-suspension-temporal-de-atencion-al-publico-por-fumigacion\/","title":{"rendered":"Comunicado de la Municipalidad de Goya: suspensi\u00f3n temporal de atenci\u00f3n al p\u00fablico por fumigaci\u00f3n"},"content":{"rendered":"<p>La Municipalidad de Goya comunica que este viernes 5 de julio, a partir de las 12 horas, no se brindar\u00e1 atenci\u00f3n al p\u00fablico en las oficinas de varias \u00e1reas municipales ubicadas en el Paseo &#8220;La An\u00f3nima&#8221;. Esta medida se debe a una jornada de fumigaci\u00f3n programada para garantizar la salubridad y el bienestar de los empleados y ciudadanos.<\/p>\n<p>La fumigaci\u00f3n es una medida preventiva que busca mantener los espacios municipales libres de plagas y otros vectores que puedan representar un riesgo para la salud. La Municipalidad de Goya agradece la comprensi\u00f3n y colaboraci\u00f3n de la ciudadan\u00eda ante esta interrupci\u00f3n temporal del servicio y garantiza que las actividades se reanudar\u00e1n con normalidad el pr\u00f3ximo lunes.<\/p>\n<p>Se recomienda a los vecinos que necesiten realizar tr\u00e1mites o consultas, que planifiquen sus visitas antes del horario de cierre o a partir del pr\u00f3ximo d\u00eda h\u00e1bil, para evitar inconvenientes.<\/p>\n","protected":false},"excerpt":{"rendered":"<p>La Municipalidad de Goya comunica que este viernes 5 de julio, a partir de las 12 horas, no se brindar\u00e1 atenci\u00f3n al p\u00fablico en las oficinas de varias \u00e1reas municipales ubicadas en el Paseo &#8220;La An\u00f3nima&#8221;. Esta medida se debe a una jornada de fumigaci\u00f3n programada para garantizar la salubridad y el bienestar de los [&hellip;]<\/p>\n","protected":false},"author":2,"featured_media":25304,"comment_status":"open","ping_status":"open","sticky":false,"template":"","format":"standard","meta":{"footnotes":""},"categories":[56,71],"tags":[],"class_list":["post-25303","post","type-post","status-publish","format-standard","has-post-thumbnail","hentry","category-locales","category-sociales"],"_links":{"self":[{"href":"https:\/\/radiosurfm.com\/web\/wp-json\/wp\/v2\/posts\/25303","targetHints":{"allow":["GET"]}}],"collection":[{"href":"https:\/\/radiosurfm.com\/web\/wp-json\/wp\/v2\/posts"}],"about":[{"href":"https:\/\/radiosurfm.com\/web\/wp-json\/wp\/v2\/types\/post"}],"author":[{"embeddable":true,"href":"https:\/\/radiosurfm.com\/web\/wp-json\/wp\/v2\/users\/2"}],"replies":[{"embeddable":true,"href":"https:\/\/radiosurfm.com\/web\/wp-json\/wp\/v2\/comments?post=25303"}],"version-history":[{"count":0,"href":"https:\/\/radiosurfm.com\/web\/wp-json\/wp\/v2\/posts\/25303\/revisions"}],"wp:featuredmedia":[{"embeddable":true,"href":"https:\/\/radiosurfm.com\/web\/wp-json\/wp\/v2\/media\/25304"}],"wp:attachment":[{"href":"https:\/\/radiosurfm.com\/web\/wp-json\/wp\/v2\/media?parent=25303"}],"wp:term":[{"taxonomy":"category","embeddable":true,"href":"https:\/\/radiosurfm.com\/web\/wp-json\/wp\/v2\/categories?post=25303"},{"taxonomy":"post_tag","embeddable":true,"href":"https:\/\/radiosurfm.com\/web\/wp-json\/wp\/v2\/tags?post=25303"}],"curies":[{"name":"wp","href":"https:\/\/api.w.org\/{rel}","templated":true}]}}