{"id":25365,"date":"2024-07-10T16:52:08","date_gmt":"2024-07-10T19:52:08","guid":{"rendered":"https:\/\/radiosurfm.com\/web\/?p=25365"},"modified":"2024-07-10T16:52:08","modified_gmt":"2024-07-10T19:52:08","slug":"caso-loan-a-27-dias-de-su-desaparicion-macarena-conto-que-codazzi-hizo-declarar-amenazada-a-su-madre","status":"publish","type":"post","link":"https:\/\/radiosurfm.com\/web\/2024\/07\/10\/caso-loan-a-27-dias-de-su-desaparicion-macarena-conto-que-codazzi-hizo-declarar-amenazada-a-su-madre\/","title":{"rendered":"CASO LOAN A 27 D\u00cdAS DE SU DESAPARICI\u00d3N: Macarena cont\u00f3 que Codazzi hizo declarar &#8220;amenazada&#8221; a su madre"},"content":{"rendered":"<p>Macarena, la hija mayor de Laudelina Pe\u00f1a y por estas horas una de los principales testigos libre en la causa en la que se investiga la desaparici\u00f3n de Loan Danilo Pe\u00f1a, habl\u00f3 ayer con los medios luego de su declaraci\u00f3n sorpresiva ante la jueza federal de Goya y se\u00f1al\u00f3 a su ahora exabogado, Jos\u00e9 Fernandez Codazzi, como responsable de las declaraciones contradictorias de la madrina del ni\u00f1o en las que se autoincriminaba de &#8220;plantar&#8221; el bot\u00edn y de sustentar la hip\u00f3tesis del accidente. Cont\u00f3 que le dijo a su mam\u00e1 que si no dec\u00eda eso &#8220;la ministra Bullrich iba a dar la orden de detenerlas&#8221;. Adem\u00e1s apunt\u00f3 a la Polic\u00eda como responsable del rapto de su primito de 5 a\u00f1os; una confesi\u00f3n que complica a\u00fan m\u00e1s al excomisario Walter Maciel.<\/p>\n<p>As\u00ed como el domingo pidi\u00f3 hablar repentinamente con la jueza federal, ayer Macarena Pe\u00f1a convoc\u00f3 a los medios de prensa apostados en la localidad de 9 de Julio para contar su versi\u00f3n. &#8220;Tengo mucho miedo por mi familia y por m\u00ed&#8221;, expres\u00f3 primeramente la mayor de las hijas de Laudelina, quien adem\u00e1s confirm\u00f3 que le envi\u00f3 una carta a su madre, junto con la nueva abogada designada para defenderla, ya que Jos\u00e9 Fern\u00e1ndez Codazzi renunci\u00f3 el fin de semana a continuar con la asistencia legal de ambas.<\/p>\n<p>En este contexto, la joven sostuvo que &#8220;el abogado le dec\u00eda a mi madre que estaba muy complicada en la causa y que la ministra de Seguridad, Patricia Bullrich, hab\u00eda dado la orden para que sea detenida, por lo que \u00e9l hab\u00eda armado una estrategia para poder evitar esa situaci\u00f3n. Deb\u00eda decir que ella hab\u00eda plantado el bot\u00edn en el campo y adem\u00e1s de sostener una hip\u00f3tesis de que Carlos P\u00e9rez y Mar\u00eda Victoria Caillava hab\u00edan atropellado a Loan&#8221;. La estrategia era claramente que Laudelina se autoincriminara.<\/p>\n<p>&#8220;El viernes (28 de junio) vino temprano a mi casa y hasta la hizo practicar a mi madre frente a una c\u00e1mara c\u00f3mo deb\u00eda declarar y le dijo que se prepare porque el s\u00e1bado se presentar\u00eda. Pero todo cambi\u00f3, ya que el mismo vienes, alrededor de las 20, lleg\u00f3 y nos dijo que juntemos un par de ropas que \u00edbamos a viajar a Corrientes a declarar. Nos fuimos las dos con mi madre en un autom\u00f3vil. En medio del camino nos hicieron cambiar de veh\u00edculo y de nuevo cuando llegamos a Capital lo mismo. Siempre custodiadas por polic\u00edas, pero de civil&#8221;, agreg\u00f3 Macarena.<\/p>\n<p>La mujer volvi\u00f3 a repetir que su madre fue a declarar amenazada y con la promesa de que le dar\u00edan una casa nueva para vivir.<\/p>\n<p>Tras la denuncia formal en sede judicial de Macarena y luego de sus dichos, la Justicia orden\u00f3 ayer abrir una investigaci\u00f3n paralela contra el abogado Fern\u00e1ndez Codazzi. Asimismo indicaron redoblar la custodia de Macarena, Camila y los menores bajo su custodia, reduciendo al m\u00ednimo el contacto de los menores con terceras personas, que incluso no hayan sido autorizadas por la Justicia federal.<\/p>\n<p>Maciel m\u00e1s complicado<\/p>\n<p>La situaci\u00f3n del excomisario de 9 de Julio, Walter Maciel, se va complicando con el correr de los d\u00edas, sobre todo con las \u00faltimas medidas judiciales de allanamiento en la seccional que comandaba y donde los federales hallaron prendas de vestir, que ser\u00e1n peritadas para ver si encuentran ADN de Loan en algunas de ellas. Las sospechas, por ahora solo eso, apuntan a que en alg\u00fan momento el expolic\u00eda pudo haber tenido al ni\u00f1o en su poder y que de all\u00ed sali\u00f3 el bot\u00edn encontrado en el campo.<\/p>\n<p>Adem\u00e1s, en las \u00faltimas horas se conocieron audios comprometedores entre Maciel y Carlos P\u00e9rez en los que este le pide que coloque custodia en su casa particular y en la chacra que tiene muy cerca al campo de la abuela Catalina.<\/p>\n<p>En aquellos mensajes de audio, P\u00e9rez incluso hace alusi\u00f3n del temor que tiene de que le planten pruebas, a\u00fan cuando ni siquiera hab\u00edan sido llamados a declarar tanto \u00e9l como su esposa. Los audios fueron enviados al d\u00eda siguiente de la desaparici\u00f3n de Loan y cuando en 9 de Julio, ya comenzaban las marchas y a llegar algunos medios nacionales.<\/p>\n<p>Durante la charla con la prensa, Macarena tambi\u00e9n dijo que Maciel estuvo junto a otro excomisario en la zona donde ella y su madre encontraron el bot\u00edn que llevaba Loan el d\u00eda que desapareci\u00f3. &#8220;Nos dijo que nos retiremos del lugar para no alterar la escena&#8221;, lo extra\u00f1o es que luego ese lugar no fue preservado para el trabajo de los peritos.<\/p>\n<p>En las pr\u00f3ximas horas se espera que la Justicia reciba los resultados de otras pericias realizadas la semana pasada en la casa de P\u00e9rez y Caillava.<\/p>\n","protected":false},"excerpt":{"rendered":"<p>Macarena, la hija mayor de Laudelina Pe\u00f1a y por estas horas una de los principales testigos libre en la causa en la que se investiga la desaparici\u00f3n de Loan Danilo Pe\u00f1a, habl\u00f3 ayer con los medios luego de su declaraci\u00f3n sorpresiva ante la jueza federal de Goya y se\u00f1al\u00f3 a su ahora exabogado, Jos\u00e9 Fernandez [&hellip;]<\/p>\n","protected":false},"author":2,"featured_media":25366,"comment_status":"open","ping_status":"open","sticky":false,"template":"","format":"standard","meta":{"footnotes":""},"categories":[56,68],"tags":[],"class_list":["post-25365","post","type-post","status-publish","format-standard","has-post-thumbnail","hentry","category-locales","category-policiales-nacionales"],"_links":{"self":[{"href":"https:\/\/radiosurfm.com\/web\/wp-json\/wp\/v2\/posts\/25365","targetHints":{"allow":["GET"]}}],"collection":[{"href":"https:\/\/radiosurfm.com\/web\/wp-json\/wp\/v2\/posts"}],"about":[{"href":"https:\/\/radiosurfm.com\/web\/wp-json\/wp\/v2\/types\/post"}],"author":[{"embeddable":true,"href":"https:\/\/radiosurfm.com\/web\/wp-json\/wp\/v2\/users\/2"}],"replies":[{"embeddable":true,"href":"https:\/\/radiosurfm.com\/web\/wp-json\/wp\/v2\/comments?post=25365"}],"version-history":[{"count":0,"href":"https:\/\/radiosurfm.com\/web\/wp-json\/wp\/v2\/posts\/25365\/revisions"}],"wp:featuredmedia":[{"embeddable":true,"href":"https:\/\/radiosurfm.com\/web\/wp-json\/wp\/v2\/media\/25366"}],"wp:attachment":[{"href":"https:\/\/radiosurfm.com\/web\/wp-json\/wp\/v2\/media?parent=25365"}],"wp:term":[{"taxonomy":"category","embeddable":true,"href":"https:\/\/radiosurfm.com\/web\/wp-json\/wp\/v2\/categories?post=25365"},{"taxonomy":"post_tag","embeddable":true,"href":"https:\/\/radiosurfm.com\/web\/wp-json\/wp\/v2\/tags?post=25365"}],"curies":[{"name":"wp","href":"https:\/\/api.w.org\/{rel}","templated":true}]}}