{"id":25373,"date":"2024-07-10T17:27:39","date_gmt":"2024-07-10T20:27:39","guid":{"rendered":"https:\/\/radiosurfm.com\/web\/?p=25373"},"modified":"2024-07-10T17:27:39","modified_gmt":"2024-07-10T20:27:39","slug":"hcd-de-goya-incorporacion-de-600-millones-de-pesos-al-presupuesto-y-registro-de-alquileres-temporarios-con-fines-turisticos","status":"publish","type":"post","link":"https:\/\/radiosurfm.com\/web\/2024\/07\/10\/hcd-de-goya-incorporacion-de-600-millones-de-pesos-al-presupuesto-y-registro-de-alquileres-temporarios-con-fines-turisticos\/","title":{"rendered":"HCD DE GOYA: Incorporaci\u00f3n de 600 millones de pesos al Presupuesto y Registro de Alquileres Temporarios con fines Tur\u00edsticos"},"content":{"rendered":"<div>Esta 10\u00b0 Sesi\u00f3n Ordinaria del HCD fue presidida por su titular, el Viceintendente Municipal Pedro Gerardo Cassani (hijo).<\/div>\n<div><\/div>\n<div>Al Orden de D\u00eda de la convocatoria se sum\u00f3 para ser tratados Sobre Tablas y aprobado en esa instancia, el Proyecto de Resoluci\u00f3n para Adherir al comunicado de la Fundaci\u00f3n Oncoinfanto juvenil de Goya expresando profunda preocupaci\u00f3n por las demoras en entrega de medicaci\u00f3n y alimentos a pacientes oncopedi\u00e1tricos, solicitud hecha por la autora del mismo, Mar\u00eda Cecilia Gortari (Uni\u00f3n por la Patria).<\/div>\n<div><\/div>\n<div>Le\u00eddo el Orden del D\u00eda por la Secretaria del cuerpo, Mara Beatriz Bascoy, aprobada el Acta de la sesi\u00f3n anterior por unanimidad, e incorporado el proyecto a ser tratados Sobre Tablas, dieron a conocer los Proyectos que se presentaron por Secretar\u00eda.<\/div>\n<div><\/div>\n<div><b>Proyectos Presentados<\/b><\/div>\n<div><\/div>\n<div>\n<div>El siguiente punto tratado fue la recepci\u00f3n de los distintos proyectos que se presentaron, a los que derivaron para su tratamiento a distintas comisiones de trabajo. Esto se concret\u00f3 de la siguiente manera:<\/div>\n<div><\/div>\n<div>.- Proyecto de Resoluci\u00f3n: Solicitar al DEM disponga trabajos de mantenimiento, reparaci\u00f3n y reposici\u00f3n en el espacio p\u00fablico ubicado alrededor de la Laguna Bosco. Autor: Mar\u00eda Cecilia Gortari. Presentado por: Gortari y Montti. Se gir\u00f3 a las comisiones de Obras P\u00fablicas y de Econom\u00eda.<\/div>\n<div><\/div>\n<div>.- Proyecto de Resoluci\u00f3n: Solicitar al DEM disponga trabajos de mantenimiento y reparaci\u00f3n en la Plaza San Martin de nuestra ciudad. Autor: Mar\u00eda Cecilia Gortari. Presentado por: Gortari y Montti. Fue enviado a las comisiones de Obras P\u00fablicas y de Econom\u00eda.<\/div>\n<div><\/div>\n<div><b>Incorporaci\u00f3n de recursos con fines espec\u00edficos<\/b><\/div>\n<div><\/div>\n<div>Los concejales acordaron que c\u00f3mo se presentaron tres proyectos de ordenanza de caracter\u00edsticas id\u00e9nticas, la fundamentaci\u00f3n de los mismos se hiciera en forma conjunta, luego de que se leyeran uno por uno.<\/div>\n<div><\/div>\n<div>Adem\u00e1s fueron votados en forma individual, logrando todos ellos la unanimidad de los votos.<\/div>\n<div><\/div>\n<div>El primero en darse lectura fue el Proyecto de Ordenanza, con Despacho de Comisi\u00f3n, sobre Incorporaci\u00f3n presupuestaria de fondos provinciales de afectaci\u00f3n espec\u00edfica $400.000.000 (pesos cuatrocientos millones).<\/div>\n<div><\/div>\n<div>En su parte Resolutiva, el proyecto aprobado establece:<\/div>\n<div><\/div>\n<div>ART\u00cdCULO 1\u00ba: INCORPORAR LOS APORTES DE AFECTACI\u00d3N ESPECIF\u00cdCA por la suma de PESOS CUATROCIENTOS MILLONES ($400.000.000,00) el que ser\u00e1 registrado en la partida presupuestaria 1.0.00.2.04 \u201cTransf. Nac. y Pciales. para Proyectos Espec\u00edficos\u201d.<\/div>\n<div><\/div>\n<div>ART\u00cdCULO 2\u00ba: AUMENTAR LA PARTIDA PRESUPUESTARIA DE IMPUTACI\u00d3N 2.1.1.1.01.04.2.5.76 \u201cCONSTRUCCIONES EN BIENES DE DOMINIO P\u00daBLICO\u201d por la suma de PESOS CUATROCIENTOS MILLONES ($400.000.000,00).<\/div>\n<div><\/div>\n<div>ARTICULO 3\u00ba: COMUN\u00cdQUESE, PUBL\u00cdQUESE, D\u00c9SE AL R.M., s\u00e1quese copia para Secretar\u00eda de Hacienda y Econom\u00eda, Asesor\u00eda Letrada, Secretar\u00edas del D.E.M., H.C.D., y oportunamente ARCHIVESE.<\/div>\n<div><\/div>\n<div>El Segundo fue el Proyecto de Ordenanza, con Despacho de Comisi\u00f3n, sobre Incorporaci\u00f3n presupuestaria de fondos provinciales de afectaci\u00f3n espec\u00edfica $100.000.000 (pesos cien millones).<\/div>\n<div><\/div>\n<div>En su parte Resolutiva, el proyecto aprobado establece:<\/div>\n<div><\/div>\n<div>ART\u00cdCULO 1\u00ba: INCORPORAR LOS APORTES DE AFECTACI\u00d3N ESPECIF\u00cdCA por la suma de PESOS CUATROCIENTOS MILLONES ($400.000.000,00) el que ser\u00e1 registrado en la partida presupuestaria 1.0.00.2.04 \u201cTransf. Nac. y Pciales. para Proyectos Espec\u00edficos\u201d.<\/div>\n<div><\/div>\n<div>ART\u00cdCULO 2\u00ba: AUMENTAR LA PARTIDA PRESUPUESTARIA DE IMPUTACI\u00d3N<\/div>\n<div><\/div>\n<div>2.1.1.1.01.04.2.5.76 \u201cCONSTRUCCIONES EN BIENES DE DOMINIO P\u00daBLICO\u201d por la suma de PESOS CUATROCIENTOS MILLONES ($400.000.000,00).<\/div>\n<div><\/div>\n<div>ARTICULO 3\u00ba: COMUN\u00cdQUESE, PUBL\u00cdQUESE, D\u00c9SE AL R.M., s\u00e1quese copia para Secretar\u00eda de Hacienda y Econom\u00eda, Asesor\u00eda Letrada, Secretar\u00edas del D.E.M., H.C.D., y oportunamente ARCHIVESE.<\/div>\n<div><\/div>\n<div>Mientras que el tercero del mismo tenor fue el Proyecto de Ordenanza, con Despacho de Comisi\u00f3n, sobre Incorporaci\u00f3n presupuestaria de fondos provinciales de afectaci\u00f3n especifica $100.000.000 (pesos cien millones). Recibi\u00f3 el mismo resultado de aprobaci\u00f3n un\u00e1nime que los anteriores.<\/div>\n<div><\/div>\n<div>En su parte Resolutiva, el proyecto aprobado establece:<\/div>\n<div><\/div>\n<div>ART\u00cdCULO 1\u00ba: INCORPORAR LOS APORTES DE AFECTACI\u00d3N ESPECIF\u00cdCA por la suma de PESOS CIEN MILLONES ($100.000.000,00) el que ser\u00e1 registrado en la partida presupuestaria 1.0.00.2.04 \u201cTransf. Nac. y Pciales. para Proyectos Espec\u00edficos\u201d.<\/div>\n<div><\/div>\n<div>ART\u00cdCULO 2\u00ba: AUMENTAR LA PARTIDA PRESUPUESTARIA DE IMPUTACI\u00d3N 2.1.1.1.01.04.2.5.76 \u201cCONSTRUCCIONES EN BIENES DE DOMINIO P\u00daBLICO\u201d por la suma de PESOS CIEN MILLONES ($100.000.000,00).<\/div>\n<div><\/div>\n<div>ARTICULO 3\u00ba: COMUN\u00cdQUESE, PUBL\u00cdQUESE, D\u00c9SE AL R.M., s\u00e1quese copia para Secretar\u00eda de Hacienda y Econom\u00eda, Asesor\u00eda Letrada, Secretar\u00edas del D.E.M., H.C.D., y oportunamente ARCHIVESE.<\/div>\n<div><\/div>\n<div><b><i>Sebasti\u00e1n Mazzaro:<\/i><\/b><\/div>\n<\/div>\n<div><\/div>\n<div>\n<div>El Presidente de la Comisi\u00f3n de Econom\u00eda y Finanzas, el concejal de Eco + Vamos Corrientes (Partido Popular) Sebasti\u00e1n Mazzaro, expuso la fundamentaci\u00f3n de los mismos resaltando \u201clas pol\u00edticas que lleva adelante el Gobierno Provincial apoyando a las ciudades con obras p\u00fablicas que repercuten en la calidad de vida de los ciudadanos\u201d, dijo.<\/div>\n<div><\/div>\n<div>Aclar\u00f3 que los fondos recibidos son no reintegrables, pero que eso no significa que no sean rendibles, y que esta es una parte de ello, dando transparencia y con posterioridad se rendir\u00e1 al Tribunal de Cuentas de la provincia para su verificaci\u00f3n y aprobaci\u00f3n. En caso de que no ocurriera eso, la comuna deber\u00e1 hacerse cargo de los mismos y devolverlos.<\/div>\n<div><\/div>\n<div>Detall\u00f3 que son 400 millones de pesos para una obra que la ciudadan\u00eda de Goya viene esperando hace much\u00edsimo, tal como se esper\u00f3 mucho tiempo por la Avenida Piragine Niveyro, o las mejoras en calle Col\u00f3n, y se refiere a la repavimentaci\u00f3n de la calle 25 de Mayo, entre Jos\u00e9 Jacinto Rol\u00f3n y Bartolom\u00e9 mitre, que son tres cuadras que est\u00e1n destruidas desde hace mucho tiempo y que por fin todos la ciudadan\u00eda ser\u00e1 beneficiada y no solamente los vecinos de la zona, y mencion\u00f3 que para ellos significa mejoras en la calidad de vida y en los valores de sus propiedades.<\/div>\n<div><\/div>\n<div>Remarc\u00f3 que todo lo que viene para obra p\u00fablica es beneficioso para toda la ciudadan\u00eda.<\/div>\n<div><\/div>\n<div>Agreg\u00f3 que el otro proyecto es el de reasfaltado de las calles 25 de mayo, \u00c1ngel Soto y Juan Esteban Mart\u00ednez, desde Col\u00f3n a Belgrano, continuando con este proyecto de reasfaltar el microcentro.<\/div>\n<div><\/div>\n<div>La tercera obra es la tendiente a mejorar calles sin asfalto, con desag\u00fces y espacios p\u00fablicos, beneficiando a toda la ciudadan\u00eda.<\/div>\n<div><\/div>\n<div>Concluy\u00f3 diciendo que son tres incorporaciones, una por 400 millones de pesos y las otras dos por 100 millones de pesos cada una, y todas ellas van a las mismas partidas presupuestarias de acuerdo con la normativa vigente Y manteniendo el equilibrio fiscal y la universalidad presupuestaria, se debe incorporar al presupuesto con su aplicaci\u00f3n o cr\u00e9dito al gasto p\u00fablico.<\/div>\n<div><\/div>\n<div>Por \u00faltimo dijo que este hecho refleja lo recibido y se justifica en el balance correspondiente su aplicaci\u00f3n, y que corresponden al presupuesto 2024.<\/div>\n<div><\/div>\n<div><i><b>Leandro Montti:<\/b><\/i><\/div>\n<\/div>\n<div><\/div>\n<div>\n<div>En tanto que su par de Uni\u00f3n por la Patria (Partido Justicialista) Leandro Montti, dijo que manteniendo en el bloque la conducta en todo lo referido a fondos de incorporaci\u00f3n presupuestaria, y con las responsabilidades luego de controlar su aplicaci\u00f3n, es que van a acompa\u00f1ar las mismas.<\/div>\n<div><\/div>\n<div><\/div>\n<div>De esta manera, desde la Presidencia se puso en consideraci\u00f3n por separado los tres proyectos, a solicitud del concejal Marcelo Frattini, para mantener la legalidad en lo que estaban actuando, por lo que as\u00ed se hizo y recibieron la unanimidad de las voluntades cada uno de ellos, que fueron los puntos 4, 5 y 6 del Orden del D\u00eda.<\/div>\n<div><\/div>\n<div><\/div>\n<div><\/div>\n<div><\/div>\n<div><\/div>\n<div><\/div>\n<div><b>Registro Municipal de propiedades de Alquiler temporario con fines Tur\u00edsticos<\/b><\/div>\n<div><\/div>\n<div>Nuevamente capt\u00f3 el voto un\u00e1nime de los concejales el Proyecto de Ordenanza, con Despacho de Comisi\u00f3n, sobre Registro Municipal de propiedades de Alquiler temporario con fines Tur\u00edsticos.<\/div>\n<div><\/div>\n<div><i><b>Sebasti\u00e1n Mazzaro:<\/b><\/i><\/div>\n<\/div>\n<div><\/div>\n<div>\n<div>En una jornada que lo tuvo como protagonista, el autor del proyecto, el concejal Sebasti\u00e1n Mazzaro de Eco + Vamos Corrientes (Partido Popular), ahond\u00f3 sobre los motivos por los cuales consideraba que el mismo deb\u00eda ser aprobado, y al hacerlo dijo que Este proyecto de ordenanza busca tener pol\u00edticas que fomenten el turismo, apuntando a Goya como ciudad tur\u00edstica.<\/div>\n<div><\/div>\n<div>Dijo que hace Muchos a\u00f1os se busca establecer pol\u00edticas que pongan a Goya en lo m\u00e1s alto del turismo nacional, con el apoyo provincial tambi\u00e9n, y que en ese orden de ideas, se busca el cuidado de los visitantes, fundamentalmente con los servicios que se ofrecen, y uno de vital importancia es el alojamiento.<\/div>\n<div><\/div>\n<div>Con esto se busca saber que el alojamiento que se contrata existe, se\u00f1al\u00f3 Mazzaro, dejando de lado posibles estafas c\u00f3mo ocurre en otras partes del pa\u00eds, apunt\u00f3<\/div>\n<div><\/div>\n<div>Mencion\u00f3 que se debe tener cuidado con los servicios que se ofrecen, los que deben existir, y que en caso de que no se d\u00e9 el visitante puede exponerlos y dejar al descubierto a quien los ofrece.<\/div>\n<div><\/div>\n<div>Dijo que por eso se busca mediante un registro y dando fuerzas a la Secretar\u00eda de Turismo, que tengan una tarea fuerte que ya vienen desarrollando aunque de una manera informal, y los datos que se tienen sobre alejamiento requieren otras cuestiones que est\u00e1n expresos en este proyecto de ordenanza, y uno de los requisitos que deben tener es por ejemplo el de la habilitaci\u00f3n, afirmando que deber\u00e1n trabajar los concejales estableciendo puntos concretos sobre este tipo de actividad.<\/div>\n<div><\/div>\n<div>Aclar\u00f3 que la adhesi\u00f3n es voluntaria, no todo el que ofrece alojamiento est\u00e1 obligado a inscribirse o registrarse, aunque qui\u00e9n lo haga tendr\u00e1 los beneficios de mayor publicidad desde el municipio, con la aplicaci\u00f3n o en las p\u00e1ginas en que se informe sobre el tema.<\/div>\n<div><\/div>\n<div>Insisti\u00f3 en que esto da confiabilidad en lo que se contrata, teniendo as\u00ed el visitante para elegir entre algo que est\u00e1 verificado y controlado, y entre otro que no tiene el aval municipal.<\/div>\n<div><\/div>\n<div>Analizo que quienes se registren tendr\u00e1n mayor facilidad para gestionar cr\u00e9ditos ante los organismos que los ofrezcan para este rubro.<\/div>\n<div><\/div>\n<div>Finaliz\u00f3 diciendo que con la finalidad de dar mayor servicio a los visitantes y seguridad tur\u00edstica, mayor fuerza a la Secretar\u00eda de Turismo es que ped\u00eda el acompa\u00f1amiento de sus pares<\/div>\n<div><\/div>\n<div>En su parte Resolutiva, el proyecto aprobado establece:<\/div>\n<div><\/div>\n<div>ART\u00cdCULO 1: CR\u00c9ASE el REGISTRO MUNICIPAL DE ALQUILERES TEMPORARIOS con fines tur\u00edsticos en la ciudad de Goya, provincia de Corrientes.<\/div>\n<div><\/div>\n<div>ART\u00cdCULO 2: AUTORIDAD DE APLICACI\u00d3N. La Autoridad de Aplicaci\u00f3n de la presente Ordenanza ser\u00e1 la Secretaria de Turismo Municipal o el \u00e1rea que tal efecto cumpla similares funciones.<\/div>\n<div><\/div>\n<div>ART\u00cdCULO 3: INTERPRETACION: Se entender\u00e1 por ALQUILERES TEMPORARIOS con fines tur\u00edsticos, los servicios de hospedajes o alojamientos bajo la modalidad de locaci\u00f3n de inmuebles cuya duraci\u00f3n m\u00ednima sea de un d\u00eda y el m\u00e1ximo de 30 d\u00edas.<\/div>\n<div><\/div>\n<div>ARTICULO 4: ALCANCE: El alcance de la presente ordenanza es brindar informaci\u00f3n cierta, segura, de \u00e1gil acceso y confiable, referida a ofertas de alquileres de inmuebles para alojamientos temporarios con fines tur\u00edsticos en la ciudad de Goya y de sus oferentes.<\/div>\n<div><\/div>\n<div>ART\u00cdCULO 5: FORMULARIO: El Departamento Ejecutivo Municipal pondr\u00e1 a disposici\u00f3n un formulario de incorporaci\u00f3n al registro que contendr\u00e1 como m\u00ednimo:<\/div>\n<div><\/div>\n<div>a) Datos necesarios para identificar al Titular, propietario, administrador, gestor o quien bajo otra denominaci\u00f3n explote alojamientos,<\/div>\n<div>b) La ubicaci\u00f3n exacta del inmueble, servicios y condiciones bajo las que se alquila, incluyendo instalaciones disponibles, confort y detalle de servicios.<\/div>\n<div>c) Capacidad de alojamiento en t\u00e9rminos de Plazas, habitaciones, camas etc.<\/div>\n<div>d) Horarios de ingreso (check-in) y salida (Check- out),<\/div>\n<div>e) Si acepta o no mascotas<\/div>\n<div>f) Las pol\u00edticas de reserva y cancelaci\u00f3n.<\/div>\n<div>g) Reglamento de uso de las instalaciones.<\/div>\n<div>h) Si estar\u00e1 en alquiler permanentemente o solo para ciertas fechas, indicando cuales.<\/div>\n<div>i) Ultima fecha de actualizaci\u00f3n.<\/div>\n<div>j) Cualquier otro dato que el oferente considere necesario conocer.<\/div>\n<div>El presente formulario tendr\u00e1 car\u00e1cter de declaraci\u00f3n jurada y deber\u00e1 actualizarse o confirmarse peri\u00f3dicamente conforme lo establezca el \u00f3rgano de aplicaci\u00f3n del D.E.M.<\/div>\n<div><\/div>\n<div>ARTICULO 6: REQUISITOS: Los inmuebles sobre los que se pretenda obtener la inscripci\u00f3n en el REGISTRO MUNICIPAL DE ALQUILERES TEMPORARIOS con fines tur\u00edsticos deber\u00e1n:<\/div>\n<div><\/div>\n<div>a) Poseer certificado de habilitaci\u00f3n Municipal<\/div>\n<div>b) No adeudar, de corresponder, sumas alguna en concepto de Impuesto Inmobiliario ni tasa de retribuci\u00f3n de servicios al momento de su inscripci\u00f3n en el Registro o de la correspondiente actualizaci\u00f3n o confirmaci\u00f3n peri\u00f3dica.<\/div>\n<div>c) Certificado de la contrataci\u00f3n de un Seguro de Responsabilidad Civil por da\u00f1os contra terceros.<\/div>\n<div>d) Documentaci\u00f3n que acredite la titularidad sobre la unidad o poder suficiente para la explotaci\u00f3n de la misma.<\/div>\n<div>e) En caso de Consorcios, reglamento de Copropiedad y constancia de la comunicaci\u00f3n fehaciente por los canales habituales a la Administraci\u00f3n del Consorcio de<\/div>\n<div>Copropietarios, en caso de corresponder.<\/div>\n<div>f) Constancia de comunicaci\u00f3n a la administraci\u00f3n del consorcio.<\/div>\n<div>g) Formulario en el que acepta expresamente la libre publicaci\u00f3n, bajo cualquier modalidad, de los datos registrados tanto del inmueble como del titular, gestor, propietario, administrador o cualquier tipo de denominaci\u00f3n bajo la cual explote estos servicios tur\u00edsticos, como de las opiniones y experiencias que puedan expresar los usuarios de los servicios ofrecidos.<\/div>\n<div><\/div>\n<div>ARTICULO 7: INSPECCION. La Secretaria de Turismo como \u00f3rgano de aplicaci\u00f3n establecer\u00e1 un procedimiento de inspecci\u00f3n del inmueble que se pretende dar de alta en el registro, verificando los datos indicados en el formulario de inscripci\u00f3n adem\u00e1s de corroborar cada uno de los puntos establecidos en el art\u00edculo precedente.<\/div>\n<div>Posterior a su inscripci\u00f3n en el Registro, podr\u00e1n realizarse procedimientos similares tendientes a verificar y controlar el cumplimiento de los servicios e instalaciones ofrecidos como de alguna otra cuesti\u00f3n que considere necesaria.<\/div>\n<div><\/div>\n<div>ARTICULO 8: REGISTRO E INSCRIPCION. Una vez realizado el control indicado en el Art\u00edculo 6, la<\/div>\n<div><\/div>\n<div>Secretaria de Turismo proceder\u00e1 a:<\/div>\n<div>1. Incorporar al titular y al inmueble en cuesti\u00f3n al REGISTRO MUNICIPAL DE ALQUILERES TEMPORARIOS con fines tur\u00edsticos.<\/div>\n<div>2. Otorgar al titular un certificado que de fe de su incorporaci\u00f3n al registro la que deber\u00e1 exponerse en lugar visible dentro del establecimiento.<\/div>\n<div>3. Otorgar una oblea auto adhesiva para que el titular pueda identificar al inmueble en cuesti\u00f3n y diferenciar de otros que no han cumplido con dicho registro. La misma podr\u00e1 contar con c\u00f3digo QR con la totalidad de los datos detallados en el formulario de inscripci\u00f3n al registro.<\/div>\n<div>4. Publicar en la P\u00e1gina web oficial donde se informan \u00e9ste tipo de alojamientos e incorporarlos de la misma manera a la aplicaci\u00f3n TURISMO GOYA, de forma tal que cualquier usuario pueda tener acceso a dichos datos.<\/div>\n<div><\/div>\n<div>ART\u00cdCULO 9: OPINION DE USUARIOS: Tanto en la aplicaci\u00f3n Turismo Goya como en cualquier otro espacio virtual en el que se publique oficialmente el registro deber\u00e1 disponer campos habilitados para la opini\u00f3n de usuarios donde se pueda conocer p\u00fablicamente la experiencia de los mismos.<\/div>\n<div><\/div>\n<div>ART\u00cdCULO 10: El Departamento Ejecutivo Municipal, asignar\u00e1 los recursos humanos y herramientas tecnol\u00f3gicas necesarias, para la puesta en funcionamiento y cumplimiento efectivo de la presente Ordenanza.<\/div>\n<div><\/div>\n<div>ART\u00cdCULO 11: COMUNIQUESE al Departamento Ejecutivo para su cumplimiento, dese al R.H.C.D, reg\u00edstrese, publ\u00edquese, s\u00e1quese copia para quien corresponda y oportunamente<\/div>\n<div>ARCH\u00cdVESE.<\/div>\n<div><\/div>\n<div><b>Archivo de Expediente<\/b><\/div>\n<div><\/div>\n<div>Nuevamente por unanimidad, se aprob\u00f3 el Proyecto de Resoluci\u00f3n, con Despacho de Comisi\u00f3n, Archivando el Expediente N\u00ba 3.318\/23 (P.O s\/ Renovaci\u00f3n de licencia de conducir para los conductores que superen los 65 a\u00f1os de edad).<\/div>\n<div><\/div>\n<div><i><b>Marcelo Frattini:<\/b><\/i><\/div>\n<\/div>\n<div><\/div>\n<div>\n<div>En esta oportunidad, el concejal de Eco + Vamos Corrientes (Partido Liberal) Marcelo Frattini, pidi\u00f3 la palabra como uno de los autores del proyecto y como Presidente de la Comisi\u00f3n de Legislaci\u00f3n, remarcando que no siempre se van a archivar \u00fanicamente los proyectos de la oposici\u00f3n, y explic\u00f3 que conten\u00eda ese proyecto que fue a archivo.<\/div>\n<div><\/div>\n<div><\/div>\n<div><\/div>\n<div>Afirm\u00f3 que tras su estudio y con la participaci\u00f3n de funcionarios del DEM, entre ellos el Director de Tr\u00e1nsito Fernando Vallejos, qued\u00f3 en claro la aplicabilidad del Decreto Nacional 779 que reglamenta la Ley Nacional de Tr\u00e1nsito, con mayores beneficios que los que se propon\u00eda, por lo que se resolvi\u00f3 su archivo.<\/div>\n<div><\/div>\n<div><\/div>\n<div><\/div>\n<div><\/div>\n<div><\/div>\n<div><\/div>\n<div><b>Tema Incorporado: Adhesi\u00f3n comunicado Fundaci\u00f3n Oncoinfantojuvenil<\/b><\/div>\n<div><\/div>\n<div>El \u00fanico tema incorporado, la adhesi\u00f3n al comunicado de la Fundaci\u00f3n Oncoinfanto juvenil de Goya expresando profunda preocupaci\u00f3n por las demoras en entrega de medicaci\u00f3n y alimentos a pacientes oncopedi\u00e1tricos, fue tratado Sobre Tablas y aprobado por unanimidad.<\/div>\n<div><\/div>\n<div><i><b>Mar\u00eda Cecilia Gortari:<\/b><\/i><\/div>\n<\/div>\n<div><\/div>\n<div>\n<div>La autora del proyecto, la concejal de Uni\u00f3n por la Patria Mar\u00eda Cecilia Gortari, tras la lectura del mismo y Sobre Tablas, fundament\u00f3 el mismo diciendo que es fundamental que esta tem\u00e1tica se tome como prioridad, con un trabajo de forma conjunta y con unidad, para acompa\u00f1ar la demanda de familias de Goya que se expresan a trav\u00e9s de la Fundaci\u00f3n oncoinfantojuvenil.<\/div>\n<div><\/div>\n<div>Destac\u00f3 aqu\u00ed la invaluable tarea que llevan adelante, tanto en el acompa\u00f1amiento como en el asesoramiento de las familias que atraviesan esta situaci\u00f3n sumamente compleja.<\/div>\n<div><\/div>\n<div>Puso \u00e9nfasis en que existe una muy buena legislaci\u00f3n, tanto provincial como nacional, y record\u00f3 que el HCD de Goya se adhiri\u00f3 por unanimidad a la ley provincial el a\u00f1o pasado, para la protecci\u00f3n integral de pacientes onco pedi\u00e1tricos.<\/div>\n<div><\/div>\n<div>Y dijo por \u00faltimo que es necesario que permanentemente se acompa\u00f1en estas gestiones, ya que desde hace varios meses se registran demoras en la entrega de medicaci\u00f3n oncol\u00f3gica, lo que no debe suceder bajo ning\u00fan concepto.<\/div>\n<div><\/div>\n<div>En su parte resolutiva, el proyecto aprobado determina:<\/div>\n<div><\/div>\n<div>ART\u00cdCULO 1: Expresar la profunda preocupaci\u00f3n de este Cuerpo, adhiriendo a los t\u00e9rminos expresados en el Comunicado de la Fundaci\u00f3n Oncoinfanto Juvenil de Goya ante las demoras en la entrega de medicaci\u00f3n y alimentos a pacientes oncopedi\u00e1tricos en tratamiento en la Ciudad de Buenos Aires.<\/div>\n<div><\/div>\n<div>ART\u00cdCULO 2: a las \u00e1reas pertinentes en todos los niveles del Estado el cumplimiento irrestricto y prioritario de las leyes nacionales y provinciales vigentes en materia de protecci\u00f3n de ni\u00f1os ni\u00f1as y adolescentes en tratamiento oncol\u00f3gico, en especial lo referente a cobertura en tiempo y forma de pasajes, medicaci\u00f3n y alimentos.<\/div>\n<div><\/div>\n<div>ART\u00cdCULO 3: emitir copia de la presente a las \u00e1reas de salud de la Municipalidad de Goya y de la Provincia de Corrientes.<\/div>\n<div><\/div>\n<div>ART\u00cdCULO 4: DE FORMA.<\/div>\n<div><\/div>\n<div><b>Libre Uso de la Palabra<\/b><\/div>\n<div><\/div>\n<div>Agotado el temario de la convocatoria a sesionar, m\u00e1s el tema incorporado y tratado Sobre Tablas, el Presidente del HCD, el Viceintendente Pedro Cassani (hijo) invit\u00f3 a los concejales a expresarse en el Libre Uso de la Palabra.<\/div>\n<div><\/div>\n<div><b><i>Mar\u00eda Cecilia Gortari:<\/i><\/b><\/div>\n<\/div>\n<div><\/div>\n<div>\n<div>La \u00fanica edil en ejercer este derecho, fue la concejal de Uni\u00f3n por la Patria Mar\u00eda Cecilia Gortari, quien al hacerlo se\u00f1al\u00f3 que aAs\u00ed como agradeci\u00f3 anteriormente el acompa\u00f1amiento sobre el tema oncol\u00f3gico, quiso recordar que a tres d\u00edas de cumplirse un mes de la desaparici\u00f3n de Loan Danilo Pe\u00f1a, la sociedad de Corrientes sigue existiendo esclarecimiento y aparici\u00f3n con vida del ni\u00f1o<\/div>\n<div><\/div>\n<div>Lament\u00f3 la concejal Gortari que a trav\u00e9s del cuerpo no se pueda a\u00fan expresarse institucionalmente sumando voluntades a la demanda de justicia y esclarecimiento por su desaparici\u00f3n, y de los hechos en torno al caso que tienen que ver con el accionar de la justicia y de la polic\u00eda en la investigaci\u00f3n.<\/div>\n<div><\/div>\n<div>Record\u00f3 que hoy se vot\u00f3 una ordenanza qu\u00e9 tiene que ver con la prioridad que la gesti\u00f3n le da al turismo en la ciudad, y qu\u00e9 cre\u00eda que el estado de muchos de los espacios p\u00fablicos era lamentable.<\/div>\n<div><\/div>\n<div>Especific\u00f3 que uno de ellos es el mantenimiento de la plaza San Mart\u00edn de Goya, que est\u00e1 en el centro de la ciudad, y que el monumento de las golondrinas all\u00ed erigido es uno de los iconos de la misma, y que afecta al turismo el mal estado de conservaci\u00f3n que tiene.<\/div>\n<div><\/div>\n<div>Finaliz\u00f3 diciendo que esperaba Si pudiera avanzar en el tratamiento de estos temas.<\/div>\n<\/div>\n","protected":false},"excerpt":{"rendered":"<p>Esta 10\u00b0 Sesi\u00f3n Ordinaria del HCD fue presidida por su titular, el Viceintendente Municipal Pedro Gerardo Cassani (hijo). Al Orden de D\u00eda de la convocatoria se sum\u00f3 para ser tratados Sobre Tablas y aprobado en esa instancia, el Proyecto de Resoluci\u00f3n para Adherir al comunicado de la Fundaci\u00f3n Oncoinfanto juvenil de Goya expresando profunda preocupaci\u00f3n [&hellip;]<\/p>\n","protected":false},"author":2,"featured_media":25374,"comment_status":"open","ping_status":"open","sticky":false,"template":"","format":"standard","meta":{"footnotes":""},"categories":[56,66],"tags":[],"class_list":["post-25373","post","type-post","status-publish","format-standard","has-post-thumbnail","hentry","category-locales","category-politica-nacionales"],"_links":{"self":[{"href":"https:\/\/radiosurfm.com\/web\/wp-json\/wp\/v2\/posts\/25373","targetHints":{"allow":["GET"]}}],"collection":[{"href":"https:\/\/radiosurfm.com\/web\/wp-json\/wp\/v2\/posts"}],"about":[{"href":"https:\/\/radiosurfm.com\/web\/wp-json\/wp\/v2\/types\/post"}],"author":[{"embeddable":true,"href":"https:\/\/radiosurfm.com\/web\/wp-json\/wp\/v2\/users\/2"}],"replies":[{"embeddable":true,"href":"https:\/\/radiosurfm.com\/web\/wp-json\/wp\/v2\/comments?post=25373"}],"version-history":[{"count":0,"href":"https:\/\/radiosurfm.com\/web\/wp-json\/wp\/v2\/posts\/25373\/revisions"}],"wp:featuredmedia":[{"embeddable":true,"href":"https:\/\/radiosurfm.com\/web\/wp-json\/wp\/v2\/media\/25374"}],"wp:attachment":[{"href":"https:\/\/radiosurfm.com\/web\/wp-json\/wp\/v2\/media?parent=25373"}],"wp:term":[{"taxonomy":"category","embeddable":true,"href":"https:\/\/radiosurfm.com\/web\/wp-json\/wp\/v2\/categories?post=25373"},{"taxonomy":"post_tag","embeddable":true,"href":"https:\/\/radiosurfm.com\/web\/wp-json\/wp\/v2\/tags?post=25373"}],"curies":[{"name":"wp","href":"https:\/\/api.w.org\/{rel}","templated":true}]}}