{"id":25494,"date":"2024-07-16T17:17:13","date_gmt":"2024-07-16T20:17:13","guid":{"rendered":"https:\/\/radiosurfm.com\/web\/?p=25494"},"modified":"2024-07-16T17:17:13","modified_gmt":"2024-07-16T20:17:13","slug":"emotivo-encuentro-de-las-virgenes-en-medio-del-parana","status":"publish","type":"post","link":"https:\/\/radiosurfm.com\/web\/2024\/07\/16\/emotivo-encuentro-de-las-virgenes-en-medio-del-parana\/","title":{"rendered":"Emotivo encuentro de las v\u00edrgenes en medio del Paran\u00e1"},"content":{"rendered":"<p>Uno de los momentos m\u00e1s emotivos que se vive en Itat\u00ed cada 16 de julio es el llamado encuentro de las dos v\u00edrgenes que este a\u00f1o congreg\u00f3 a una multitud que particip\u00f3 del recorrido hasta el medio del r\u00edo Paran\u00e1.<\/p>\n<p>De ese modo, pasadas las 15 se encontraron las delegaciones de Paraguay y Argentina, cada cual con las im\u00e1genes de las v\u00edrgenes peregrinas de Itat\u00ed y de Caa Cup\u00e9 que incluy\u00f3 una amplia procesi\u00f3n n\u00e1utica.<\/p>\n<p>Luego del desembarco en la costanera itate\u00f1a avanzaron ante una multitud con las v\u00edrgenes en andas hasta la Bas\u00edlica, donde las aguardaba el propio arzobispo de Corrientes monse\u00f1or Andr\u00e9s Stanovnik que presidi\u00f3 una misa.<\/p>\n<p>Entre otros, estuvo el vicegobernador Pedro Braillard Poccard, el intendente local Francisco Romero, legisladores, y autoridades del Paraguay.<\/p>\n<p>Cabe se\u00f1alar que se celebra el &#8220;124\u00b0 aniversario de la Coronaci\u00f3n Pontificia de la Virgen de Itat\u00ed&#8221;.<\/p>\n<p>&nbsp;<\/p>\n","protected":false},"excerpt":{"rendered":"<p>Uno de los momentos m\u00e1s emotivos que se vive en Itat\u00ed cada 16 de julio es el llamado encuentro de las dos v\u00edrgenes que este a\u00f1o congreg\u00f3 a una multitud que particip\u00f3 del recorrido hasta el medio del r\u00edo Paran\u00e1. De ese modo, pasadas las 15 se encontraron las delegaciones de Paraguay y Argentina, cada [&hellip;]<\/p>\n","protected":false},"author":2,"featured_media":25495,"comment_status":"open","ping_status":"open","sticky":false,"template":"","format":"standard","meta":{"footnotes":""},"categories":[72,71],"tags":[],"class_list":["post-25494","post","type-post","status-publish","format-standard","has-post-thumbnail","hentry","category-provinciales","category-sociales"],"_links":{"self":[{"href":"https:\/\/radiosurfm.com\/web\/wp-json\/wp\/v2\/posts\/25494","targetHints":{"allow":["GET"]}}],"collection":[{"href":"https:\/\/radiosurfm.com\/web\/wp-json\/wp\/v2\/posts"}],"about":[{"href":"https:\/\/radiosurfm.com\/web\/wp-json\/wp\/v2\/types\/post"}],"author":[{"embeddable":true,"href":"https:\/\/radiosurfm.com\/web\/wp-json\/wp\/v2\/users\/2"}],"replies":[{"embeddable":true,"href":"https:\/\/radiosurfm.com\/web\/wp-json\/wp\/v2\/comments?post=25494"}],"version-history":[{"count":0,"href":"https:\/\/radiosurfm.com\/web\/wp-json\/wp\/v2\/posts\/25494\/revisions"}],"wp:featuredmedia":[{"embeddable":true,"href":"https:\/\/radiosurfm.com\/web\/wp-json\/wp\/v2\/media\/25495"}],"wp:attachment":[{"href":"https:\/\/radiosurfm.com\/web\/wp-json\/wp\/v2\/media?parent=25494"}],"wp:term":[{"taxonomy":"category","embeddable":true,"href":"https:\/\/radiosurfm.com\/web\/wp-json\/wp\/v2\/categories?post=25494"},{"taxonomy":"post_tag","embeddable":true,"href":"https:\/\/radiosurfm.com\/web\/wp-json\/wp\/v2\/tags?post=25494"}],"curies":[{"name":"wp","href":"https:\/\/api.w.org\/{rel}","templated":true}]}}