{"id":25511,"date":"2024-07-17T17:18:08","date_gmt":"2024-07-17T20:18:08","guid":{"rendered":"https:\/\/radiosurfm.com\/web\/?p=25511"},"modified":"2024-07-17T17:18:08","modified_gmt":"2024-07-17T20:18:08","slug":"motociclismo-gran-trabajo-del-correntino-santiago-basterrechea-en-ovalo-de-tierra","status":"publish","type":"post","link":"https:\/\/radiosurfm.com\/web\/2024\/07\/17\/motociclismo-gran-trabajo-del-correntino-santiago-basterrechea-en-ovalo-de-tierra\/","title":{"rendered":"Motociclismo: gran trabajo del correntino Santiago Basterrechea en ovalo de tierra"},"content":{"rendered":"<p>La carrera se disput\u00f3 durante el fin de semana donde el correntino tuvo un brillante desempe\u00f1o en las dos jornadas de competencia.<\/p>\n<p>El s\u00e1bado en una brillante tarde para el piloto de Bella Vista, no se baj\u00f3 nunca del 5to puesto en sus 3 contactos con la pista, se qued\u00f3 a 208 cent\u00e9simas de la punta.<\/p>\n<p>Con este resultado lo dej\u00f3 en 1ra fila para su serie del domingo; d\u00f3nde por problemas de embrague no pudo ir para adelante, puesto 5 para Bastarrechea.<\/p>\n<p>En la final sali\u00f3 todo bien, gran largada d\u00f3nde por momentos fue 4to, manteniendo lucha directa con Mat\u00edas Frey, Marcos Barrios, Eze Paireti todos ellos grandes campeones de la especialidad.<\/p>\n<p>Finalmente se baj\u00f3 la bandera a cuadros para el correntino Santiago Bastarrechea con un 7mo puesto para la alegr\u00eda de todo el equipo que lo banca y lo empuja a seguir, su padre, amigos, sponsor.<\/p>\n<p>La pr\u00f3xima fecha, la 7\u00aa se correr\u00e1 el 3 y 4 de agosto en la ciudad santafesina de G\u00e1lvez, (como fecha alternativa se fija los d\u00edas 10 y 11 de agosto).<\/p>\n","protected":false},"excerpt":{"rendered":"<p>La carrera se disput\u00f3 durante el fin de semana donde el correntino tuvo un brillante desempe\u00f1o en las dos jornadas de competencia. El s\u00e1bado en una brillante tarde para el piloto de Bella Vista, no se baj\u00f3 nunca del 5to puesto en sus 3 contactos con la pista, se qued\u00f3 a 208 cent\u00e9simas de la [&hellip;]<\/p>\n","protected":false},"author":2,"featured_media":25512,"comment_status":"open","ping_status":"open","sticky":false,"template":"","format":"standard","meta":{"footnotes":""},"categories":[83,72],"tags":[],"class_list":["post-25511","post","type-post","status-publish","format-standard","has-post-thumbnail","hentry","category-deporte","category-provinciales"],"_links":{"self":[{"href":"https:\/\/radiosurfm.com\/web\/wp-json\/wp\/v2\/posts\/25511","targetHints":{"allow":["GET"]}}],"collection":[{"href":"https:\/\/radiosurfm.com\/web\/wp-json\/wp\/v2\/posts"}],"about":[{"href":"https:\/\/radiosurfm.com\/web\/wp-json\/wp\/v2\/types\/post"}],"author":[{"embeddable":true,"href":"https:\/\/radiosurfm.com\/web\/wp-json\/wp\/v2\/users\/2"}],"replies":[{"embeddable":true,"href":"https:\/\/radiosurfm.com\/web\/wp-json\/wp\/v2\/comments?post=25511"}],"version-history":[{"count":0,"href":"https:\/\/radiosurfm.com\/web\/wp-json\/wp\/v2\/posts\/25511\/revisions"}],"wp:featuredmedia":[{"embeddable":true,"href":"https:\/\/radiosurfm.com\/web\/wp-json\/wp\/v2\/media\/25512"}],"wp:attachment":[{"href":"https:\/\/radiosurfm.com\/web\/wp-json\/wp\/v2\/media?parent=25511"}],"wp:term":[{"taxonomy":"category","embeddable":true,"href":"https:\/\/radiosurfm.com\/web\/wp-json\/wp\/v2\/categories?post=25511"},{"taxonomy":"post_tag","embeddable":true,"href":"https:\/\/radiosurfm.com\/web\/wp-json\/wp\/v2\/tags?post=25511"}],"curies":[{"name":"wp","href":"https:\/\/api.w.org\/{rel}","templated":true}]}}