{"id":25528,"date":"2024-07-17T18:08:23","date_gmt":"2024-07-17T21:08:23","guid":{"rendered":"https:\/\/radiosurfm.com\/web\/?p=25528"},"modified":"2024-07-17T18:08:23","modified_gmt":"2024-07-17T21:08:23","slug":"enzo-fernandez-pidio-perdon-por-los-cantos-racistas-contra-francia","status":"publish","type":"post","link":"https:\/\/radiosurfm.com\/web\/2024\/07\/17\/enzo-fernandez-pidio-perdon-por-los-cantos-racistas-contra-francia\/","title":{"rendered":"Enzo Fern\u00e1ndez pidi\u00f3 perd\u00f3n por los cantos racistas contra Francia"},"content":{"rendered":"<p>Un esc\u00e1ndalo que escal\u00f3 alto por la viralizaci\u00f3n del pol\u00e9mico video de los festejos de algunos jugadores de la\u00a0<b>selecci\u00f3n argentina<\/b>\u00a0por la obtenci\u00f3n de la\u00a0<b>Copa Am\u00e9rica<\/b>. Tras conocerse que la\u00a0<b>Federaci\u00f3n Francesa de F\u00fatbol<\/b>\u00a0(FFF) denunciar\u00e1 ante la FIFA la actitud de los futbolistas albicelestes por &#8220;racismo y discriminaci\u00f3n&#8221; y luego de difundirse las quejas de los propios compa\u00f1eros del\u00a0<b>Chelsea<\/b>,\u00a0<b>Enzo Fern\u00e1ndez<\/b>\u00a0pidi\u00f3 &#8220;perd\u00f3n&#8221; en sus redes sociales.<\/p>\n<p>&#8220;<b>Quiero disculparme de coraz\u00f3n<\/b>\u00a0por el video subido a mi Instagram durante la celebraci\u00f3n de la selecci\u00f3n.\u00a0<b>La canci\u00f3n incluye un lenguaje muy ofensivo<\/b>\u00a0y no hay excusa para ello&#8221;, public\u00f3 el volante argentino en una storie de su cuenta de Instagram, haciendo referencia al &#8220;vivo&#8221; de esa plataforma social donde algunos de los campeones entonaron c\u00e1nticos subidos de tono contra los deportistas galos.<\/p>\n<div id=\"ad-slot-video_inread\" class=\"ad-slot-video_inread ad-slot\" data-adtype=\"video_inread\" data-google-query-id=\"CNmYr8b8rocDFe1MuAQdPjoB8Q\">\n<div id=\"google_ads_iframe_\/349353471\/p12\/nota_video_inread_0__container__\"><iframe id=\"google_ads_iframe_\/349353471\/p12\/nota_video_inread_0\" tabindex=\"0\" title=\"3rd party ad content\" name=\"google_ads_iframe_\/349353471\/p12\/nota_video_inread_0\" width=\"1\" height=\"1\" frameborder=\"0\" marginwidth=\"0\" marginheight=\"0\" scrolling=\"no\" aria-label=\"Advertisement\" data-load-complete=\"true\" data-google-container-id=\"3\" data-mce-fragment=\"1\"><\/iframe><\/div>\n<\/div>\n<p>El exjugador de River y Defensa y Justicia agreg\u00f3:\u00a0<b>&#8220;Estoy en contra de la discriminaci\u00f3n y quiero pedir perd\u00f3n por dejarme llevar por la euforia de las celebraciones de la Copa Am\u00e9rica&#8221;<\/b>. &#8220;Ese video, ese momento,\u00a0<b>esas palabras no reflejan ni mis creencias ni mis valores<\/b>. Lo siento de verdad&#8221;, concluy\u00f3 Enzo en su pedido de disculpas.<\/p>\n<h2>El rechazo de sus compa\u00f1eros franceses del Chelsea<\/h2>\n<p>El futbolista franc\u00e9s del Chelsea,\u00a0<b>Wesley Fofana<\/b>, fue uno de los primeros en repudiar la actitud de su compa\u00f1ero de club y del resto de los jugadores argentinos.<\/p>\n<p><b>&#8220;El f\u00fatbol en 2024, racismo sin complejos&#8221;<\/b>, poste\u00f3 el defensor del conjunto ingl\u00e9s junto al fragmento exacto donde se escucha a los campeones de Am\u00e9rica cantar &#8220;juegan en Francia, pero son todos de Angola&#8221;, entre otras frases.<\/p>\n<p>Fofana, al mismo tiempo,\u00a0<b>tom\u00f3 la dr\u00e1stica decisi\u00f3n de dejar de seguir en las redes sociales a Enzo Fern\u00e1ndez<\/b>, al igual que los franceses\u00a0<b>Axel Disasi y Malo Gusto<\/b>, quienes tambi\u00e9n juegan con el argentino.<\/p>\n<p>Adem\u00e1s de Fofana, Disasi y Gusto, Chelsea tambi\u00e9n cuenta con otros jugadores galos en su plantel:\u00a0<b>Beno\u00eet Badiashile, Christopher Nkunku, Malang Sarr y Lesley Ugochukwu<\/b>.<\/p>\n<p>De acuerdo con lo informado por el diario brit\u00e1nico\u00a0<i>Daily Mail<\/i>, la instituci\u00f3n de Londres est\u00e1 al tanto de la situaci\u00f3n que gener\u00f3 malestar en el vestuario y\u00a0<b>podr\u00eda evaluar una posible sanci\u00f3n<\/b>\u00a0para el mediocampista argentino.<\/p>\n<h2>La denuncia de la Federaci\u00f3n Francesa de F\u00fatbol<\/h2>\n<p>La\u00a0<b>Federaci\u00f3n Francesa de F\u00fatbol (FFF)<\/b>\u00a0confirm\u00f3 que presentar\u00e1 una denuncia por &#8220;injurias de car\u00e1cter racial y discriminatorio&#8221; despu\u00e9s de haberse quejado ante la FIFA y ante la\u00a0<b>Asociaci\u00f3n de F\u00fatbol Argentino (AFA)<\/b>.<\/p>\n<p>&#8220;Ante la gravedad de los comentarios chocantes, contrarios a lo valores del deporte y de los derechos humanos, el presidente de la FFF ha contactado directamente a su hom\u00f3logo argentino y a la FIFA y ha decidido presentar una denuncia en la justicia por\u00a0<b>injurias de car\u00e1cter racial y discriminatorio<\/b>&#8220;, se\u00f1al\u00f3 el organismo que rige el f\u00fatbol galo.<\/p>\n<div class=\"slot-available\"><\/div>\n<h2>El ministerio de Deportes de Francia lo calific\u00f3 como &#8220;pat\u00e9tico&#8221;<\/h2>\n<p>Por su parte, la ministra de Deportes de Francia, Am\u00e9lie Oud\u00e9a-Cast\u00e9ra, tild\u00f3 de &#8220;pat\u00e9ticos&#8221; los c\u00e1nticos contra futbolistas franceses.<\/p>\n<p>&#8220;<b>Pat\u00e9tico. Son comportamientos inaceptables<\/b>, que se repiten. FIFA: \u00bfuna reacci\u00f3n?&#8221;, escribi\u00f3 en la red social X la funcionaria.<\/p>\n","protected":false},"excerpt":{"rendered":"<p>Un esc\u00e1ndalo que escal\u00f3 alto por la viralizaci\u00f3n del pol\u00e9mico video de los festejos de algunos jugadores de la\u00a0selecci\u00f3n argentina\u00a0por la obtenci\u00f3n de la\u00a0Copa Am\u00e9rica. Tras conocerse que la\u00a0Federaci\u00f3n Francesa de F\u00fatbol\u00a0(FFF) denunciar\u00e1 ante la FIFA la actitud de los futbolistas albicelestes por &#8220;racismo y discriminaci\u00f3n&#8221; y luego de difundirse las quejas de los propios [&hellip;]<\/p>\n","protected":false},"author":2,"featured_media":25529,"comment_status":"open","ping_status":"open","sticky":false,"template":"","format":"standard","meta":{"footnotes":""},"categories":[83,64],"tags":[],"class_list":["post-25528","post","type-post","status-publish","format-standard","has-post-thumbnail","hentry","category-deporte","category-nacionales"],"_links":{"self":[{"href":"https:\/\/radiosurfm.com\/web\/wp-json\/wp\/v2\/posts\/25528","targetHints":{"allow":["GET"]}}],"collection":[{"href":"https:\/\/radiosurfm.com\/web\/wp-json\/wp\/v2\/posts"}],"about":[{"href":"https:\/\/radiosurfm.com\/web\/wp-json\/wp\/v2\/types\/post"}],"author":[{"embeddable":true,"href":"https:\/\/radiosurfm.com\/web\/wp-json\/wp\/v2\/users\/2"}],"replies":[{"embeddable":true,"href":"https:\/\/radiosurfm.com\/web\/wp-json\/wp\/v2\/comments?post=25528"}],"version-history":[{"count":0,"href":"https:\/\/radiosurfm.com\/web\/wp-json\/wp\/v2\/posts\/25528\/revisions"}],"wp:featuredmedia":[{"embeddable":true,"href":"https:\/\/radiosurfm.com\/web\/wp-json\/wp\/v2\/media\/25529"}],"wp:attachment":[{"href":"https:\/\/radiosurfm.com\/web\/wp-json\/wp\/v2\/media?parent=25528"}],"wp:term":[{"taxonomy":"category","embeddable":true,"href":"https:\/\/radiosurfm.com\/web\/wp-json\/wp\/v2\/categories?post=25528"},{"taxonomy":"post_tag","embeddable":true,"href":"https:\/\/radiosurfm.com\/web\/wp-json\/wp\/v2\/tags?post=25528"}],"curies":[{"name":"wp","href":"https:\/\/api.w.org\/{rel}","templated":true}]}}