{"id":25570,"date":"2024-07-19T20:57:02","date_gmt":"2024-07-19T23:57:02","guid":{"rendered":"https:\/\/radiosurfm.com\/web\/?p=25570"},"modified":"2024-07-19T20:57:02","modified_gmt":"2024-07-19T23:57:02","slug":"la-afa-rechazo-la-avanzada-del-gobierno-para-privatizar-los-clubes-de-futbol","status":"publish","type":"post","link":"https:\/\/radiosurfm.com\/web\/2024\/07\/19\/la-afa-rechazo-la-avanzada-del-gobierno-para-privatizar-los-clubes-de-futbol\/","title":{"rendered":"La AFA rechaz\u00f3 la avanzada del Gobierno para privatizar los clubes de f\u00fatbol"},"content":{"rendered":"<p><b>La\u00a0Asociaci\u00f3n del F\u00fatbol Argentino (AFA)\u00a0sali\u00f3 a tomar posici\u00f3n frente a la avanzada del Gobierno Nacional y las Sociedades An\u00f3nimas Deportivas (SAD).\u00a0<\/b>Lo hizo a trav\u00e9s de un comunicado publicado tras la reuni\u00f3n de Comit\u00e9 Ejecutivo realizada por el mediod\u00eda en Ezeiza, que tuvo la presencia del presidente Claudio Tapia, Ricardo Rosica (secretario general de Boca), Ignacio Villarroel (vice segundo de River), V\u00edctor Blanco (presidente de Racing) y Marcelo Moretti (presidente de San Lorenzo), entre otros.<\/p>\n<p>La Asociaci\u00f3n busc\u00f3 aclarar &#8220;la\u00a0<b>tergiversada interpretaci\u00f3n realizada por ciertos medios de comunicaci\u00f3n<\/b>\u00a0masivos sobre cierta regulaci\u00f3n o normativa dictada, la cual permitir\u00eda a clubes de f\u00fatbol transformarse en sociedades an\u00f3nimas&#8221;.<\/p>\n<div id=\"talkFireEvent\"><\/div>\n<p>En cuanto a la\u00a0<b>Resoluci\u00f3n General 15\/2024 dictada por la Inspecci\u00f3n General de Jusicia (IGJ) se\u00f1alada el lunes 15 de julio<\/b>, la AFA consider\u00f3 que &#8220;adem\u00e1s de modificar diversa normativa de la IGJ de la Ciudad de Buenos Aires en materias varias, introdujo ciertas modificaciones en relaci\u00f3n a las asociaciones civiles (entre las cuales se encuentran los clubes) que tienen domicilio legal exclusivamente en la Ciudad Aut\u00f3noma de Buenos Aires&#8221;. Subray\u00f3 que\u00a0<b>as\u00ed, desde el pr\u00f3ximo 1\u00ba de noviembre, &#8220;las asociaciones civiles puedan ser socias de sociedades an\u00f3nimas\u00a0<\/b>y\/o que las asociaciones civiles puedan transformarse en sociedades an\u00f3nimas (extremos antes no permitidos)&#8221;.<\/p>\n<div id=\"ad-slot-video_inread\" class=\"ad-slot-video_inread ad-slot\" data-adtype=\"video_inread\" data-google-query-id=\"CMq2rYGmtIcDFbpb3QIdIsQAzA\">\n<div id=\"google_ads_iframe_\/349353471\/p12\/nota_video_inread_0__container__\"><iframe id=\"google_ads_iframe_\/349353471\/p12\/nota_video_inread_0\" tabindex=\"0\" title=\"3rd party ad content\" name=\"google_ads_iframe_\/349353471\/p12\/nota_video_inread_0\" width=\"1\" height=\"1\" frameborder=\"0\" marginwidth=\"0\" marginheight=\"0\" scrolling=\"no\" aria-label=\"Advertisement\" data-load-complete=\"true\" data-google-container-id=\"3\" data-mce-fragment=\"1\"><\/iframe><\/div>\n<\/div>\n<div class=\"slot-available\"><\/div>\n<p>La AFA remarc\u00f3 que\u00a0<b>los cambios &#8220;no obligan ni inciden en forma alguna en el estatuto social de la AFA<\/b>, continuando, siendo un requisito indispensable para ser miembro de AFA el ser una\u00a0<b>&#8216;Asociaci\u00f3n Civil sin fines de lucro&#8217;<\/b>, tal como lo decidieron libremente las entidades miembros de AFA&#8221;.<\/p>\n<p>El texto se\u00f1ala que\u00a0<b>ni la &#8220;AFA ni sus entidades miembros se encuentran en oposici\u00f3n a las llamadas SAD<\/b>\u00a0y\/o a que cada asociaci\u00f3n civil (club, sea cual fuere su actividad) pueda decidir libremente la estructura jur\u00eddica a adoptar&#8221;; pero que<b>\u00a0s\u00ed rechaza &#8220;que se quiera obligar a cualquier ente privado (la AFA y cualquier asociaci\u00f3n civil, lo son) a asociar a entidades con diferente estructura jur\u00eddica\u00a0<\/b>a la de sus actuales miembros en clara oposici\u00f3n a sus estatutos conforme as\u00ed lo establecieron sus socios&#8221;. La AFA define eso como &#8220;palmariamente inconstitucional&#8221;.<\/p>\n<div class=\"slot-available\"><\/div>\n<p>En ese sentido, el comunicado\u00a0<b>apel\u00f3 a un ejemplo<\/b>: &#8220;Es como si a los accionistas de una sociedad comercial (ente privado) se los quiera obligar por medio de un decreto del Poder Ejecutivo a asociar a otros accionistas por<b>\u00a0intereses particulares del gobierno de turno&#8221;.<\/b><\/p>\n<p>Adem\u00e1s, record\u00f3 que\u00a0<b>el Juzgado Federal de Mercedes suspendi\u00f3 en enero pasado dos art\u00edculos del DNU 70\/2023<\/b>, &#8220;los cuales establec\u00edan la prohibici\u00f3n de impedir a una organizaci\u00f3n deportiva el derecho de afiliarse a una confederaci\u00f3n, federaci\u00f3n, asociaci\u00f3n, liga o uni\u00f3n con fundamento en su forma jur\u00eddica, y la obligaci\u00f3n para las Asociaciones, Federaciones y Confederaciones de adecuar sus estatutos a los t\u00e9rminos&#8221; del DNU. Ese fallo fue confirmado en abril \u00faltimo por la C\u00e1mara Federal de San Mart\u00edn.<\/p>\n<p>A esto se suma, seg\u00fan los dirigentes del f\u00fatbol, que el jueves de la semana pasada &#8220;la Direcci\u00f3n Provincial de Personas Jur\u00eddicas\u00a0<b>declar\u00f3 irregular e ineficaz la Asamblea del Centro de Fomento Social y Deportivo Jos\u00e9 Hern\u00e1ndez<\/b>\u00a0que habilitaba la chance de convertirse en una sociedad an\u00f3nima deportiva&#8221;.<\/p>\n<div class=\"slot-available\"><\/div>\n<p>As\u00ed las cosas, &#8220;las gen\u00e9ricas modificaciones introducidas por la IGJ para las asociaciones civiles radicadas exclusivamente en la Ciudad Aut\u00f3noma de Buenos Aires no inciden ni modifican en absoluto los requisitos para los clubes miembros de la Asociaci\u00f3n del F\u00fatbol Argentino, que, conforme lo estableci\u00f3 su asamblea (\u00f3rgano de gobierno m\u00e1ximo),<b>\u00a0deber\u00e1n ser \u00fanicamente asociaciones civiles sin fines de lucro con personer\u00eda reconocida&#8221;<\/b>. Es decir, el privado que quiera adue\u00f1arse de un club deber\u00e1 buscarse liga propia.<\/p>\n","protected":false},"excerpt":{"rendered":"<p>La\u00a0Asociaci\u00f3n del F\u00fatbol Argentino (AFA)\u00a0sali\u00f3 a tomar posici\u00f3n frente a la avanzada del Gobierno Nacional y las Sociedades An\u00f3nimas Deportivas (SAD).\u00a0Lo hizo a trav\u00e9s de un comunicado publicado tras la reuni\u00f3n de Comit\u00e9 Ejecutivo realizada por el mediod\u00eda en Ezeiza, que tuvo la presencia del presidente Claudio Tapia, Ricardo Rosica (secretario general de Boca), Ignacio [&hellip;]<\/p>\n","protected":false},"author":2,"featured_media":25571,"comment_status":"open","ping_status":"open","sticky":false,"template":"","format":"standard","meta":{"footnotes":""},"categories":[83,64],"tags":[],"class_list":["post-25570","post","type-post","status-publish","format-standard","has-post-thumbnail","hentry","category-deporte","category-nacionales"],"_links":{"self":[{"href":"https:\/\/radiosurfm.com\/web\/wp-json\/wp\/v2\/posts\/25570","targetHints":{"allow":["GET"]}}],"collection":[{"href":"https:\/\/radiosurfm.com\/web\/wp-json\/wp\/v2\/posts"}],"about":[{"href":"https:\/\/radiosurfm.com\/web\/wp-json\/wp\/v2\/types\/post"}],"author":[{"embeddable":true,"href":"https:\/\/radiosurfm.com\/web\/wp-json\/wp\/v2\/users\/2"}],"replies":[{"embeddable":true,"href":"https:\/\/radiosurfm.com\/web\/wp-json\/wp\/v2\/comments?post=25570"}],"version-history":[{"count":0,"href":"https:\/\/radiosurfm.com\/web\/wp-json\/wp\/v2\/posts\/25570\/revisions"}],"wp:featuredmedia":[{"embeddable":true,"href":"https:\/\/radiosurfm.com\/web\/wp-json\/wp\/v2\/media\/25571"}],"wp:attachment":[{"href":"https:\/\/radiosurfm.com\/web\/wp-json\/wp\/v2\/media?parent=25570"}],"wp:term":[{"taxonomy":"category","embeddable":true,"href":"https:\/\/radiosurfm.com\/web\/wp-json\/wp\/v2\/categories?post=25570"},{"taxonomy":"post_tag","embeddable":true,"href":"https:\/\/radiosurfm.com\/web\/wp-json\/wp\/v2\/tags?post=25570"}],"curies":[{"name":"wp","href":"https:\/\/api.w.org\/{rel}","templated":true}]}}