{"id":25642,"date":"2024-07-22T13:33:32","date_gmt":"2024-07-22T16:33:32","guid":{"rendered":"https:\/\/radiosurfm.com\/web\/?p=25642"},"modified":"2024-07-22T13:33:32","modified_gmt":"2024-07-22T16:33:32","slug":"el-cambio-en-el-escenario-electoral-de-eeuu-dejo-al-gobierno-patas-para-arriba","status":"publish","type":"post","link":"https:\/\/radiosurfm.com\/web\/2024\/07\/22\/el-cambio-en-el-escenario-electoral-de-eeuu-dejo-al-gobierno-patas-para-arriba\/","title":{"rendered":"El cambio en el escenario electoral de EEUU dej\u00f3 al Gobierno patas para arriba"},"content":{"rendered":"<p>El presidente de Estados Unidos,<b>\u00a0<\/b><b>Joe Biden<\/b>, dio de baja su candidatura\u00a0para la reelecci\u00f3n en el cargo y\u00a0<b>en Casa Rosada crece la preocupaci\u00f3n.\u00a0Javier Milei\u00a0<\/b>y todos los &#8220;libertarios&#8221; jugaron fuerte por la candidatura de<b>\u00a0Donald Trump<\/b>\u00a0y el republicano, si bien ten\u00eda el camino casi allanado para llegar a la presidencia con un contrincante como Biden \u2014sobre el que hay dudas sobre si sufre deterioro cognitivo y cada vez ten\u00eda m\u00e1s\u00a0lapsus, actitudes dubitativas y faltas de reacci\u00f3n\u2014, ahora podr\u00eda estar en graves problemas. En paralelo, aunque a miles de kil\u00f3metros de distancia,\u00a0<b>el que tambi\u00e9n est\u00e1 en problemas es el gobierno argentino.<\/b>\u00a0El oficialismo local necesita con urgencia que el FMI le preste m\u00e1s d\u00f3lares al pa\u00eds y conf\u00edan que, si gana Trump, algo obtendr\u00e1n por el alineamiento ideol\u00f3gico que tienen con el candidato. El escenario se ve oscuro si, en cambio, los que triunfan son los dem\u00f3cratas. En Casa Rosada, por las dudas, ya se atajan y\u00a0<b>dicen que ellos &#8220;no jugaron a favor de ning\u00fan candidato&#8221;<\/b>\u00a0durante la campa\u00f1a estadounidense.<\/p>\n<p>La elegida por Biden, y la que m\u00e1s suena para ser su reemplazo en la candidatura, es la actual vicepresidenta,<b>\u00a0Kamala Harris.<\/b>\u00a0<b>Ella es hija de padres inmigrantes, feminista y luchadora por el derecho al aborto.<\/b>\u00a0Adem\u00e1s,\u00a0<b>fue la primera mujer afroamericana que lleg\u00f3 a ser vicepresidenta.\u00a0<\/b>En medio de la preocupaci\u00f3n, habiendo apostado fuerte por Trump, y con miedo de que Harris \u2014que adem\u00e1s de ser dem\u00f3crata tiene un perfil completamente contrario al de los &#8220;libertarios&#8221;\u2014 pueda ocupar el cargo de presidenta de EEUU, desde Balcarce 50 ya se atajan:\u00a0<b>&#8220;Nosotros somos aliados naturales de USA, al margen de quien gane&#8221;<\/b>, dicen. Desde el c\u00edrculo \u00edntimo del Presidente agregan que ellos &#8220;no jugaron de manera partidaria\u00a0por ning\u00fan candidato&#8221;, y que<b>\u00a0&#8220;siempre dijimos que nuestro alineamiento excede lo partidario&#8221;. Esperan que Trump finalmente gane, pero, por las dudas, ya est\u00e1n rogando a las fuerzas del cielo: &#8220;Esperamos que se pondere m\u00e1s la alianza estrat\u00e9gica que lo partidario&#8221;,<\/b>\u00a0expresan.<\/p>\n<div class=\"slot-available\"><\/div>\n<p>M\u00e1s all\u00e1 de que ahora intenten negarlo,\u00a0<b>el alineamiento de Milei con Trump es casi total.<\/b>\u00a0El propio Presidente lo aclar\u00f3 en una entrevista que dio el viernes cuando dijo:\u00a0<b>&#8220;Me gustan m\u00e1s los republicanos y me cae mejor Donald Trump&#8221;.\u00a0<\/b>Desde que asumi\u00f3 el gobierno, adem\u00e1s, el mandatario argentino viaj\u00f3 a EEUU cinco veces y nunca se junt\u00f3 con su par, el presidente Biden. En cambio, seg\u00fan revelaron investigaciones period\u00edsticas,\u00a0<b>el gobierno\u00a0pag\u00f3 casi 38 millones de pesos para que Milei viaje a sacarse una foto con Trump\u00a0y estar con \u00e9l un minuto y medio<\/b>\u00a0en la Conferencia de la Acci\u00f3n Pol\u00edtica Conservadora, que se desarroll\u00f3 entre el 21 y el 24 de febrero en Maryland. Por otra parte, cuando hace tan solo unas semanas el candidato republicano sufri\u00f3 un intento de asesinato durante un acto de campa\u00f1a, Milei sali\u00f3 a respaldarlo de manera inmediata y\u00a0<b>denunci\u00f3, sin ning\u00fan tipo de prueba, que el atentado era\u00a0&#8220;obra de la izquierda que quiere atornillarse en el poder&#8221;.\u00a0<\/b><\/p>\n<div class=\"slot-available\"><\/div>\n<h2>Los posteos del ej\u00e9rcito troll<\/h2>\n<p>Por otra parte, tanto desde la cuenta de X del Presidente, como desde las cuentas de la de la gran mayor\u00eda de sus funcionarios \u2014incluidos los influencers que funcionan como trolls del gobierno y\u00a0<b>muchos de ellos trabajan desde Casa Rosada<\/b>\u2014, son replicadores seriales de posteos, memes, notas y comentarios a favor de Trump y muy cr\u00edticos a Biden y Kamala Harris.\u00a0<b>Juan Pablo Carreira,<\/b>\u00a0Director Nacional de Comunicaci\u00f3n Digital de Presidencia, por ejemplo, tras enterarse de la noticia de la baja de la candidatura de Biden comparti\u00f3 un video y puso: &#8220;Un senador dem\u00f3crata llorando al aire porque no le dejaron a Biden ser candidato&#8221;. Y tambi\u00e9n denunci\u00f3 que &#8220;Kamala siempre fue la representante de Soros en la Casa Blanca&#8221;, adem\u00e1s de otros posteos a favor de Trump.<\/p>\n<div class=\"slot-available\"><\/div>\n<p>El domingo por la noche tambi\u00e9n apareci\u00f3\u00a0<b>Ramiro Marra,<\/b>\u00a0el legislador porte\u00f1o de LLA, que, preocupado por la situaci\u00f3n y creyendo que Biden era el mejor contrincante para que Trump gane, dijo: &#8220;Que falta de responsabilidad es que en las primarias hayan votado cientos de miles de personas para elegir a Biden y ahora unos pocos convencionales discrecionalmente elijan a otro. Es una manipulaci\u00f3n para poder sacar un r\u00e9dito electoral&#8221;. El\u00a0<b>&#8220;Gordo Dan&#8221;<\/b>, el tuitero en jefe al que se lo ve casi todos los d\u00edas por los pasillos de Casa Rosada, se jactaba de manera jocosa de haber anticipado que &#8220;Gagagaiden&#8221; iba a abandonar su candidatura. En resumidas cuentas:\u00a0<b>ser\u00e1 dif\u00edcil para los libertarios dar vuelta el discurso e intentar, como ahora intentan desde el c\u00edrculo \u00edntimo del Presidente, decir que no jugaron por ning\u00fan candidato y que esperan que, gane qui\u00e9n gane, los ayuden con las negociaciones en el Fondo y les presten d\u00f3lares.\u00a0<\/b><\/p>\n<div class=\"slot-available\"><\/div>\n<h2>Fondo de olla<\/h2>\n<p>Milei y su entorno se encargan de reforzar todo el tiempo el alineamiento con EEUU e Israel. El propio Presidente lo dijo de manera literal en la \u00faltima entrevista que dio. Sin embargo,<b>\u00a0el v\u00ednculo que tiene LLA con el FMI es tenso.<\/b>\u00a0El Fondo no desembolsa los d\u00f3lares que el gobierno necesita y, adem\u00e1s, en Casa Rosada opinan que &#8220;m\u00e1s escandaloso que el pr\u00e9stamo a Macri, es lo que el FMI hizo con Massa por toda la guita que le dieron a\u00fan cuando no cumpli\u00f3 ni una sola cosa de los acuerdos&#8221;. En esa l\u00ednea, por m\u00e1s que opinan que el alineamiento de ellos &#8220;es con Estados Unidos como pa\u00eds y no con el partido gobernante&#8221;,<b>\u00a0dicen que los dem\u00f3cratas &#8220;son peronistas&#8221; y que, por eso, &#8220;le prestaron plata a Massa&#8221;, y no a ellos.<\/b><\/p>\n<div class=\"slot-available\"><\/div>\n<p>El mandatario viene dando una batalla en el FMI para que corran de las negociaciones al chileno\u00a0<b>Rodrigo Vald\u00e9s<\/b>, director del Departamento del Hemisferio Occidental, que funciona como interlocutor del pa\u00eds con el organismo, y hasta lo critic\u00f3 durante una entrevista radial hace unas semanas. Sin embargo, no obtiene resultados. La gesti\u00f3n anterior, con Massa al frente de Econom\u00eda, hab\u00eda intentado lo mismo y tampoco tuvo \u00e9xito.\u00a0<b>La \u00fanica esperanza que le queda al oficialismo es que Trump triunfe y que vuelva a incentivar un pr\u00e9stamo pol\u00edtico\/partidario al pa\u00eds, como hizo con Mauricio Macri en 2018.<\/b>\u00a0Este domingo, la ilusi\u00f3n de los &#8220;libertarios&#8221; sufri\u00f3 un golpe.<\/p>\n","protected":false},"excerpt":{"rendered":"<p>El presidente de Estados Unidos,\u00a0Joe Biden, dio de baja su candidatura\u00a0para la reelecci\u00f3n en el cargo y\u00a0en Casa Rosada crece la preocupaci\u00f3n.\u00a0Javier Milei\u00a0y todos los &#8220;libertarios&#8221; jugaron fuerte por la candidatura de\u00a0Donald Trump\u00a0y el republicano, si bien ten\u00eda el camino casi allanado para llegar a la presidencia con un contrincante como Biden \u2014sobre el que [&hellip;]<\/p>\n","protected":false},"author":2,"featured_media":25643,"comment_status":"open","ping_status":"open","sticky":false,"template":"","format":"standard","meta":{"footnotes":""},"categories":[64,66],"tags":[],"class_list":["post-25642","post","type-post","status-publish","format-standard","has-post-thumbnail","hentry","category-nacionales","category-politica-nacionales"],"_links":{"self":[{"href":"https:\/\/radiosurfm.com\/web\/wp-json\/wp\/v2\/posts\/25642","targetHints":{"allow":["GET"]}}],"collection":[{"href":"https:\/\/radiosurfm.com\/web\/wp-json\/wp\/v2\/posts"}],"about":[{"href":"https:\/\/radiosurfm.com\/web\/wp-json\/wp\/v2\/types\/post"}],"author":[{"embeddable":true,"href":"https:\/\/radiosurfm.com\/web\/wp-json\/wp\/v2\/users\/2"}],"replies":[{"embeddable":true,"href":"https:\/\/radiosurfm.com\/web\/wp-json\/wp\/v2\/comments?post=25642"}],"version-history":[{"count":0,"href":"https:\/\/radiosurfm.com\/web\/wp-json\/wp\/v2\/posts\/25642\/revisions"}],"wp:featuredmedia":[{"embeddable":true,"href":"https:\/\/radiosurfm.com\/web\/wp-json\/wp\/v2\/media\/25643"}],"wp:attachment":[{"href":"https:\/\/radiosurfm.com\/web\/wp-json\/wp\/v2\/media?parent=25642"}],"wp:term":[{"taxonomy":"category","embeddable":true,"href":"https:\/\/radiosurfm.com\/web\/wp-json\/wp\/v2\/categories?post=25642"},{"taxonomy":"post_tag","embeddable":true,"href":"https:\/\/radiosurfm.com\/web\/wp-json\/wp\/v2\/tags?post=25642"}],"curies":[{"name":"wp","href":"https:\/\/api.w.org\/{rel}","templated":true}]}}