{"id":26104,"date":"2024-08-20T13:28:49","date_gmt":"2024-08-20T16:28:49","guid":{"rendered":"https:\/\/radiosurfm.com\/web\/?p=26104"},"modified":"2024-08-20T13:28:49","modified_gmt":"2024-08-20T16:28:49","slug":"hay-fecha-para-el-3-festicine-en-el-teatro-municipal-de-goya","status":"publish","type":"post","link":"https:\/\/radiosurfm.com\/web\/2024\/08\/20\/hay-fecha-para-el-3-festicine-en-el-teatro-municipal-de-goya\/","title":{"rendered":"Hay fecha para el 3\u00b0 festicine en el Teatro Municipal de Goya"},"content":{"rendered":"<p>El tercer Festival de Cine Goya ser\u00e1 del 15 al 17 de noviembre. Nos encontraremos en lo que ya consideramos nuestra casa, el Teatro Municipal Solari.<\/p>\n<p>La convocatoria a los realizadores ser\u00e1 desde el 20 de agosto al 07 de septiembre. Del 08 al 30 del mes pr\u00f3ximo se har\u00e1 la preselecci\u00f3n de las obras que competir\u00e1n en el festival.<br \/>\nUn grupo de curadur\u00eda que es parte de la organizaci\u00f3n del Festi har\u00e1 una primera selecci\u00f3n que pondr\u00e1 a disposici\u00f3n del jurado quienes determinar\u00e1n cu\u00e1les ir\u00e1n a competencia.<\/p>\n<p>Las categor\u00edas previstas para este a\u00f1o son:<br \/>\n\u2022 Largometraje de ficci\u00f3n<br \/>\n\u2022 Largometraje documental<br \/>\n\u2022 Corrometraje de ficci\u00f3n<br \/>\n\u2022 Cortometeaje documental<br \/>\n\u2022 Redes sociales 3 minutos m\u00e1ximo<br \/>\n\u2022 Mejor labor actoral<br \/>\n\u2022 Premio del p\u00fablico<\/p>\n<p>Podr\u00e1n inscribirse largometrajes, de ficci\u00f3n y documental, cortometrajes de hasta 30 minutos, de ficci\u00f3n y documental, producciones para redes sociales de hasta 5 minutos y microcortos de hasta 2 minutos. Este s\u00e1bado se dar\u00e1n a conocer las bases y condiciones y tambi\u00e9n se pondr\u00e1 a disposici\u00f3n el link de inscripci\u00f3n correspondiente.<\/p>\n<p>Este Festival cuenta con el apoyo de la Municipalidad de Goya. Colaboran y adhieren al festival, los festivales de cine de la regi\u00f3n: Festival de Cine \u201c Lapacho\u201d (Chaco) , Festival Internacional de Cine \u201cGuacaras\u201d (Corrientes) y Festival de Cine Rural (Bella Vista).<\/p>\n","protected":false},"excerpt":{"rendered":"<p>El tercer Festival de Cine Goya ser\u00e1 del 15 al 17 de noviembre. Nos encontraremos en lo que ya consideramos nuestra casa, el Teatro Municipal Solari. La convocatoria a los realizadores ser\u00e1 desde el 20 de agosto al 07 de septiembre. Del 08 al 30 del mes pr\u00f3ximo se har\u00e1 la preselecci\u00f3n de las obras [&hellip;]<\/p>\n","protected":false},"author":2,"featured_media":26105,"comment_status":"open","ping_status":"open","sticky":false,"template":"","format":"standard","meta":{"footnotes":""},"categories":[67,56],"tags":[],"class_list":["post-26104","post","type-post","status-publish","format-standard","has-post-thumbnail","hentry","category-cultura","category-locales"],"_links":{"self":[{"href":"https:\/\/radiosurfm.com\/web\/wp-json\/wp\/v2\/posts\/26104","targetHints":{"allow":["GET"]}}],"collection":[{"href":"https:\/\/radiosurfm.com\/web\/wp-json\/wp\/v2\/posts"}],"about":[{"href":"https:\/\/radiosurfm.com\/web\/wp-json\/wp\/v2\/types\/post"}],"author":[{"embeddable":true,"href":"https:\/\/radiosurfm.com\/web\/wp-json\/wp\/v2\/users\/2"}],"replies":[{"embeddable":true,"href":"https:\/\/radiosurfm.com\/web\/wp-json\/wp\/v2\/comments?post=26104"}],"version-history":[{"count":0,"href":"https:\/\/radiosurfm.com\/web\/wp-json\/wp\/v2\/posts\/26104\/revisions"}],"wp:featuredmedia":[{"embeddable":true,"href":"https:\/\/radiosurfm.com\/web\/wp-json\/wp\/v2\/media\/26105"}],"wp:attachment":[{"href":"https:\/\/radiosurfm.com\/web\/wp-json\/wp\/v2\/media?parent=26104"}],"wp:term":[{"taxonomy":"category","embeddable":true,"href":"https:\/\/radiosurfm.com\/web\/wp-json\/wp\/v2\/categories?post=26104"},{"taxonomy":"post_tag","embeddable":true,"href":"https:\/\/radiosurfm.com\/web\/wp-json\/wp\/v2\/tags?post=26104"}],"curies":[{"name":"wp","href":"https:\/\/api.w.org\/{rel}","templated":true}]}}