{"id":26220,"date":"2024-08-27T14:15:07","date_gmt":"2024-08-27T17:15:07","guid":{"rendered":"https:\/\/radiosurfm.com\/web\/?p=26220"},"modified":"2024-08-27T14:15:07","modified_gmt":"2024-08-27T17:15:07","slug":"suteco-solicito-a-la-legislatura-que-no-se-excluya-a-docentes-de-primaria-e-inicial-del-cargo-de-preceptor","status":"publish","type":"post","link":"https:\/\/radiosurfm.com\/web\/2024\/08\/27\/suteco-solicito-a-la-legislatura-que-no-se-excluya-a-docentes-de-primaria-e-inicial-del-cargo-de-preceptor\/","title":{"rendered":"SUTECO solicit\u00f3 a la Legislatura que no se excluya a Docentes de Primaria e Inicial del cargo de Preceptor"},"content":{"rendered":"<p>Es por un proyecto de ley que est\u00e1 en el Senado y pretende monopolizar el cargo de preceptor solo para profesores secundarios. El sindicato tambi\u00e9n solicit\u00f3 que, a 14 a\u00f1os de su sanci\u00f3n, se reglamente y operativice la Ley N\u00b0 6.030\/2010 de Convenio Colectivo Docente.<\/p>\n<p>En nota dirigida al Vicegobernador y presidente de la C\u00e1mara de Senadores, Pedro Braillard Poccard; el secretario general del SUTECO, Fernando Ram\u00edrez, solicit\u00f3 que se modifique el Art. 121 del proyecto de ley de &#8220;Reforma del Estatuto del Docente&#8221; (Expte. N\u00b017.302) que se analiza ese cuerpo y que ya tiene media sanci\u00f3n de Diputados.<\/p>\n<p>La iniciativa parlamentaria pretende fijar que &#8220;para el cargo de Preceptor se requerir\u00e1 el t\u00edtulo Profesor de la Modalidad T\u00e9cnico Profesional y\/o Profesor para la Ense\u00f1anza Secundaria o Media&#8221;.<\/p>\n<p>El SUTECO considera que este proyecto de ley &#8220;excluye para el desempe\u00f1o del cargo de Preceptor a aquellos docentes con el t\u00edtulo de Maestro Normal o su equivalente&#8221; y asigna preferencia solo por el de &#8220;Profesor para la Ense\u00f1anza Secundaria o Media&#8221;.<\/p>\n<p>El sindicato docente entiende que &#8220;el aspirante para la cobertura del cargo de Preceptor debe ser el Maestro de Nivel Primario&#8221; porque la mayor\u00eda de los agentes que se inscriben para desempe\u00f1ar de ese cargo &#8220;son maestros de nivel primario&#8221;; ya que los docentes de nivel secundario &#8220;se inscriben sino totalmente en su mayor\u00eda en horas\/c\u00e1tedra y no como aspirantes para la cobertura del cargo de Preceptor&#8221;.<\/p>\n<p>Por lo tanto, el SUTECO solicit\u00f3 que se modifique el p\u00e1rrafo del proyecto de ley de reforma del Art. 121 del Estatuto Docente (T\u00edtulo VI de la Ley Provincial N\u00b03.723), para que quede redactado de la siguiente manera: &#8220;Para el cargo de Preceptor se requerir\u00e1 el t\u00edtulo de Profesor de la Modalidad T\u00e9cnico Profesional en concurrencia con su t\u00edtulo de base y\/o el de Maestro de Nivel Primario y Maestro de Nivel Inicial con t\u00edtulo expedido por el Estado para la ense\u00f1anza p\u00fablica provincial&#8221;.<\/p>\n<p>En su nota, Fernando Ram\u00edrez tambi\u00e9n le solicit\u00f3 que, a 8 a\u00f1os de su sanci\u00f3n, se reglamente y operativice la Ley N\u00b06.475\/18 de Ense\u00f1anza de Educaci\u00f3n Provincial &#8220;que introdujo profundas reformas al Estatuto del Docente y contiene todo un plexo normativo vinculado con la educaci\u00f3n superior y en particular con la modalidad t\u00e9cnico profesional. &#8220;Plexo normativo que debi\u00f3 ser tenido presente al momento de la elaboraci\u00f3n del proyecto de ley autor\u00eda del diputado Norberto Ast&#8221;, se\u00f1ala.<\/p>\n<p>El SUTECO tambi\u00e9n solicit\u00f3 se, a 14 a\u00f1os de su sanci\u00f3n, se reglamente y operativice la &#8220;Ley N\u00b06.030\/2010 de Convenio Colectivo para la Docencia provincial&#8221;, para que el Estado y los sindicatos docentes tengan el \u00e1mbito adecuado para debatir mejoras del sistema educativo.<\/p>\n","protected":false},"excerpt":{"rendered":"<p>Es por un proyecto de ley que est\u00e1 en el Senado y pretende monopolizar el cargo de preceptor solo para profesores secundarios. El sindicato tambi\u00e9n solicit\u00f3 que, a 14 a\u00f1os de su sanci\u00f3n, se reglamente y operativice la Ley N\u00b0 6.030\/2010 de Convenio Colectivo Docente. En nota dirigida al Vicegobernador y presidente de la C\u00e1mara [&hellip;]<\/p>\n","protected":false},"author":2,"featured_media":22103,"comment_status":"open","ping_status":"open","sticky":false,"template":"","format":"standard","meta":{"footnotes":""},"categories":[65,72],"tags":[],"class_list":["post-26220","post","type-post","status-publish","format-standard","has-post-thumbnail","hentry","category-economia","category-provinciales"],"_links":{"self":[{"href":"https:\/\/radiosurfm.com\/web\/wp-json\/wp\/v2\/posts\/26220","targetHints":{"allow":["GET"]}}],"collection":[{"href":"https:\/\/radiosurfm.com\/web\/wp-json\/wp\/v2\/posts"}],"about":[{"href":"https:\/\/radiosurfm.com\/web\/wp-json\/wp\/v2\/types\/post"}],"author":[{"embeddable":true,"href":"https:\/\/radiosurfm.com\/web\/wp-json\/wp\/v2\/users\/2"}],"replies":[{"embeddable":true,"href":"https:\/\/radiosurfm.com\/web\/wp-json\/wp\/v2\/comments?post=26220"}],"version-history":[{"count":0,"href":"https:\/\/radiosurfm.com\/web\/wp-json\/wp\/v2\/posts\/26220\/revisions"}],"wp:featuredmedia":[{"embeddable":true,"href":"https:\/\/radiosurfm.com\/web\/wp-json\/wp\/v2\/media\/22103"}],"wp:attachment":[{"href":"https:\/\/radiosurfm.com\/web\/wp-json\/wp\/v2\/media?parent=26220"}],"wp:term":[{"taxonomy":"category","embeddable":true,"href":"https:\/\/radiosurfm.com\/web\/wp-json\/wp\/v2\/categories?post=26220"},{"taxonomy":"post_tag","embeddable":true,"href":"https:\/\/radiosurfm.com\/web\/wp-json\/wp\/v2\/tags?post=26220"}],"curies":[{"name":"wp","href":"https:\/\/api.w.org\/{rel}","templated":true}]}}