{"id":26271,"date":"2024-08-29T12:23:30","date_gmt":"2024-08-29T15:23:30","guid":{"rendered":"https:\/\/radiosurfm.com\/web\/?p=26271"},"modified":"2024-08-29T12:23:30","modified_gmt":"2024-08-29T15:23:30","slug":"german-braillard-propone-la-creacion-de-un-programa-de-vacunacion-gratuita-contra-el-dengue","status":"publish","type":"post","link":"https:\/\/radiosurfm.com\/web\/2024\/08\/29\/german-braillard-propone-la-creacion-de-un-programa-de-vacunacion-gratuita-contra-el-dengue\/","title":{"rendered":"Germ\u00e1n Braillard propone la creaci\u00f3n de un programa de vacunaci\u00f3n gratuita contra el dengue"},"content":{"rendered":"<p>Preocupados por la situaci\u00f3n cr\u00edtica que viene generando la enfermedad del dengue en la salud de los correntinos, los diputados provinciales Germ\u00e1n Braillard, C\u00e9sar Lezcano y Adriana Vidal Dom\u00ednguez presentaron un proyecto de Ley para la creaci\u00f3n de un programa especial de vacunaci\u00f3n contra el dengue, de acceso gratuito y universal para la poblaci\u00f3n, con el objetivo de su inmunizaci\u00f3n. Adem\u00e1s, se elevaron proyectos de solicitud de informe al Gobierno Provincial respecto a las medidas llevadas adelante en el marco del Plan de Contingencia del Dengue y el acompa\u00f1amiento institucional de la Legislatura a la Provincia ante las gestiones con Naci\u00f3n para la obtenci\u00f3n de recursos.<\/p>\n<div>&#8220;Creamos la ley para que el Gobierno Provincial tenga la absoluta libertad de arbitrar todos los medios econ\u00f3micos, tocando recursos de cualquier partida que considere, para fondearnos y que si en 15 d\u00edas o un mes el Gobierno Nacional no nos dice que nos quedemos tranquilos que van a comprar vacunas, tomemos el toro por las astas nosotros. Esto es un respaldo para que se act\u00fae y que se sepa que la clase pol\u00edtica y los correntinos estamos avisorando ya un verano pesado. Estemos seguros de que si no tomamos ya las decisiones, la vamos a pasar mal. Otras provincias ya lo hicieron y lo pasaron mejor&#8221;, argument\u00f3 el diputado Germ\u00e1n Braillard en el recinto. En este sentido, agreg\u00f3 que &#8220;los m\u00e9todos de prevenci\u00f3n ya no alcanzan&#8221;.<\/div>\n<div><\/div>\n<div>Cabe recordar que en abril, Braillard y Lezcano presentaron un proyecto en la C\u00e1mara de Diputados provincial para instar al Poder Ejecutivo, a trav\u00e9s del Ministerio de Salud P\u00fablica, a proveer de vacunas gratuitas contra el Dengue a todo el personal municipal y sus familias a lo largo y ancho del territorio correntino. La solicitud se justific\u00f3 en que el actual plan de vacunaci\u00f3n impuesto por el Gobierno de Corrientes excluye expl\u00edcitamente a todos sus empleados por contar con la obra social IOSCOR (Instituto de Obra Social de Corrientes).<\/div>\n<div><\/div>\n<div>De esta manera se vuelve a insistir en la cuesti\u00f3n, esta vez a trav\u00e9s de un proyecto de Ley para la creaci\u00f3n de un &#8220;programa especial de vacunaci\u00f3n contra el dengue&#8221;, asign\u00e1ndole un fondo espec\u00edfico del presupuesto de la provincia de Corrientes para la adquisici\u00f3n de las vacunas necesarias para inmunizar a la poblaci\u00f3n de la provincia. En la misma, pretenden que se establezca y garantice &#8220;el acceso gratuito y universal a la vacunaci\u00f3n&#8221; a los habitantes de Corrientes.<\/div>\n<div><\/div>\n<div>En la regulaci\u00f3n del programa, de ser aprobado por el Poder Legislativo, el Ejecutivo deber\u00e1 incluir la definici\u00f3n de los grupos poblacionales prioritarios; cronograma de vacunaci\u00f3n; log\u00edstica de distribuci\u00f3n y aplicaci\u00f3n de las vacunas; y las campa\u00f1as de difusi\u00f3n y concientizaci\u00f3n sobre la importancia de la vacunaci\u00f3n. Tambi\u00e9n se elevaron proyectos para solicitar al Gobierno Provincial que informe acerca de las gestiones realizadas o proyectadas respecto al Plan de Contingencia de la enfermedad del Dengue en Corrientes.<\/div>\n<div><\/div>\n<div>&#8220;El objetivo principal es que todos puedan acceder de forma gratuita a la vacunaci\u00f3n para proteger su salud y la de sus familiares. Y nosotros por nuestra parte asegurarnos de generar pol\u00edticas p\u00fablicas para cuidar a todos los correntinos&#8221;, dijo.<\/div>\n","protected":false},"excerpt":{"rendered":"<p>Preocupados por la situaci\u00f3n cr\u00edtica que viene generando la enfermedad del dengue en la salud de los correntinos, los diputados provinciales Germ\u00e1n Braillard, C\u00e9sar Lezcano y Adriana Vidal Dom\u00ednguez presentaron un proyecto de Ley para la creaci\u00f3n de un programa especial de vacunaci\u00f3n contra el dengue, de acceso gratuito y universal para la poblaci\u00f3n, con [&hellip;]<\/p>\n","protected":false},"author":2,"featured_media":0,"comment_status":"open","ping_status":"open","sticky":false,"template":"","format":"standard","meta":{"footnotes":""},"categories":[72],"tags":[],"class_list":["post-26271","post","type-post","status-publish","format-standard","hentry","category-provinciales"],"_links":{"self":[{"href":"https:\/\/radiosurfm.com\/web\/wp-json\/wp\/v2\/posts\/26271","targetHints":{"allow":["GET"]}}],"collection":[{"href":"https:\/\/radiosurfm.com\/web\/wp-json\/wp\/v2\/posts"}],"about":[{"href":"https:\/\/radiosurfm.com\/web\/wp-json\/wp\/v2\/types\/post"}],"author":[{"embeddable":true,"href":"https:\/\/radiosurfm.com\/web\/wp-json\/wp\/v2\/users\/2"}],"replies":[{"embeddable":true,"href":"https:\/\/radiosurfm.com\/web\/wp-json\/wp\/v2\/comments?post=26271"}],"version-history":[{"count":0,"href":"https:\/\/radiosurfm.com\/web\/wp-json\/wp\/v2\/posts\/26271\/revisions"}],"wp:attachment":[{"href":"https:\/\/radiosurfm.com\/web\/wp-json\/wp\/v2\/media?parent=26271"}],"wp:term":[{"taxonomy":"category","embeddable":true,"href":"https:\/\/radiosurfm.com\/web\/wp-json\/wp\/v2\/categories?post=26271"},{"taxonomy":"post_tag","embeddable":true,"href":"https:\/\/radiosurfm.com\/web\/wp-json\/wp\/v2\/tags?post=26271"}],"curies":[{"name":"wp","href":"https:\/\/api.w.org\/{rel}","templated":true}]}}