{"id":26328,"date":"2024-09-03T14:20:33","date_gmt":"2024-09-03T17:20:33","guid":{"rendered":"https:\/\/radiosurfm.com\/web\/?p=26328"},"modified":"2024-09-03T14:20:33","modified_gmt":"2024-09-03T17:20:33","slug":"8-y-9-de-noviembre-abren-inscripcion-al-4o-concurso-de-asadores-de-goya","status":"publish","type":"post","link":"https:\/\/radiosurfm.com\/web\/2024\/09\/03\/8-y-9-de-noviembre-abren-inscripcion-al-4o-concurso-de-asadores-de-goya\/","title":{"rendered":"8 y 9 de noviembre: abren inscripci\u00f3n al 4\u00ba concurso de asadores de Goya"},"content":{"rendered":"<p>Se abri\u00f3 la inscripci\u00f3n para participar de la 4ta Edici\u00f3n del Festival de Asado Criollo, y contar\u00e1 con el tradicional Concurso de Asadores, el 8 y 9 de noviembre en el predio Costa Surub\u00ed, de Goya.<\/p>\n<p>Desde la organizaci\u00f3n invitan a sumarse a este evento gastron\u00f3mico y musical a aquellos grupos de amigos, familiares, equipos de f\u00fatbol, pe\u00f1a y barras pesqueras, representantes barriales, amantes de las brasas y asadores de la microrregi\u00f3n.<\/p>\n<p>Las inscripciones al concurso costar\u00e1n $20.000 por equipo y estar\u00e1n abiertas hasta el 5 de noviembre.<\/p>\n<p>Habr\u00e1 importantes premios en efectivo, regalos y menciones para los grupos de asadores.<\/p>\n<p>Durante ambas veladas criollas el asado que cocinar\u00e1n lo puede vender al p\u00fablico que asiste para que se pueda recuperar el dinero invertido adem\u00e1s de tener la posibilidad de llevarse el galard\u00f3n de &#8220;Mejor Asador de la Provincia&#8221;.<\/p>\n<p>Los equipos estar\u00e1n compuestos por tres o cuatros personas, de las cuales una de ellas ser\u00e1 la encargada de representar al equipo.<\/p>\n<p>FORMULARIO DE INSCRIPCI\u00d3N<\/p>\n<p>El formulario debe llenarse obligatoriamente por aquellas personas que vayan a participar del concurso al siguiente link:<\/p>\n<p>https:\/\/forms.gle\/QNQmFbSyxuGnqzUU<\/p>\n<p>Lo debe completar 1 (una) persona por equipo. Las bases y condiciones del concurso se pueden descargar en el mismo link.<\/p>\n<p>La participaci\u00f3n se hace efectiva una vez realizado el pago correspondiente.<\/p>\n<p>Por dudas, consultas o env\u00edo de comprobante de pago, comunicarse al 3777600535 o al 1169699628<\/p>\n<p>Para m\u00e1s informaci\u00f3n comunicarse al (3777\/600535 Gustavo)<\/p>\n<p>asadocriollogoya@gmail.com<\/p>\n<p>Facebook: Festival del Asado Criollo y Concurso de Asadores<\/p>\n<p>Instagram: @festivalasador<\/p>\n","protected":false},"excerpt":{"rendered":"<p>Se abri\u00f3 la inscripci\u00f3n para participar de la 4ta Edici\u00f3n del Festival de Asado Criollo, y contar\u00e1 con el tradicional Concurso de Asadores, el 8 y 9 de noviembre en el predio Costa Surub\u00ed, de Goya. Desde la organizaci\u00f3n invitan a sumarse a este evento gastron\u00f3mico y musical a aquellos grupos de amigos, familiares, equipos [&hellip;]<\/p>\n","protected":false},"author":2,"featured_media":26329,"comment_status":"open","ping_status":"open","sticky":false,"template":"","format":"standard","meta":{"footnotes":""},"categories":[56],"tags":[],"class_list":["post-26328","post","type-post","status-publish","format-standard","has-post-thumbnail","hentry","category-locales"],"_links":{"self":[{"href":"https:\/\/radiosurfm.com\/web\/wp-json\/wp\/v2\/posts\/26328","targetHints":{"allow":["GET"]}}],"collection":[{"href":"https:\/\/radiosurfm.com\/web\/wp-json\/wp\/v2\/posts"}],"about":[{"href":"https:\/\/radiosurfm.com\/web\/wp-json\/wp\/v2\/types\/post"}],"author":[{"embeddable":true,"href":"https:\/\/radiosurfm.com\/web\/wp-json\/wp\/v2\/users\/2"}],"replies":[{"embeddable":true,"href":"https:\/\/radiosurfm.com\/web\/wp-json\/wp\/v2\/comments?post=26328"}],"version-history":[{"count":0,"href":"https:\/\/radiosurfm.com\/web\/wp-json\/wp\/v2\/posts\/26328\/revisions"}],"wp:featuredmedia":[{"embeddable":true,"href":"https:\/\/radiosurfm.com\/web\/wp-json\/wp\/v2\/media\/26329"}],"wp:attachment":[{"href":"https:\/\/radiosurfm.com\/web\/wp-json\/wp\/v2\/media?parent=26328"}],"wp:term":[{"taxonomy":"category","embeddable":true,"href":"https:\/\/radiosurfm.com\/web\/wp-json\/wp\/v2\/categories?post=26328"},{"taxonomy":"post_tag","embeddable":true,"href":"https:\/\/radiosurfm.com\/web\/wp-json\/wp\/v2\/tags?post=26328"}],"curies":[{"name":"wp","href":"https:\/\/api.w.org\/{rel}","templated":true}]}}