{"id":26357,"date":"2024-09-04T15:00:59","date_gmt":"2024-09-04T18:00:59","guid":{"rendered":"https:\/\/radiosurfm.com\/web\/?p=26357"},"modified":"2024-09-04T15:00:59","modified_gmt":"2024-09-04T18:00:59","slug":"el-12-de-septiembre-marcha-sindical-contra-el-veto-y-la-politica-economica-de-milei","status":"publish","type":"post","link":"https:\/\/radiosurfm.com\/web\/2024\/09\/04\/el-12-de-septiembre-marcha-sindical-contra-el-veto-y-la-politica-economica-de-milei\/","title":{"rendered":"El 12 de septiembre marcha sindical contra el veto y la pol\u00edtica econ\u00f3mica de Milei"},"content":{"rendered":"<p>El pr\u00f3ximo 12 de septiembre la CTA Aut\u00f3noma, la CTA de los Trabajadores, el Frente Sindical por el Modelo Nacional y la Corriente Federal de la CGT m\u00e1s la UTEP se movilizar\u00e1n al Congreso en &#8220;rechazo&#8221; de las pol\u00edticas econ\u00f3micas del presidente Javier Milei y contra el veto al aumento de las jubilaciones m\u00ednimas. Durante la conferencia de prensa donde anunciaron la protesta, el l\u00edder camionero y triunviro de la CGT, Pablo Moyano, asegur\u00f3 que &#8220;debemos rechazar y resistir los embates del FMI y de este gobierno cachivache&#8221;.<\/p>\n<p>El encuentro se llev\u00f3 a cabo en la sede de la Asociaci\u00f3n del Personal Superior de Empresas de Energ\u00eda (APSEE), que comanda Carlos Minucci, y estuvieron presentes &#8211;adem\u00e1s de Moyano&#8211; los jefes sindicales Hugo &#8220;Cachorro&#8221; Godoy (CTA Aut\u00f3noma); Hugo Yasky (CTA de los Trabajadores) y Sergio Palazzo, secretario general de La Bancaria.<\/p>\n<div id=\"talkFireEvent\"><\/div>\n<div id=\"ad-slot-video_inread\" class=\"ad-slot-video_inread ad-slot\" data-adtype=\"video_inread\" data-google-query-id=\"CPWPvPvtqYgDFRBK3QIdCwAu6g\">\n<div id=\"google_ads_iframe_\/349353471\/p12\/nota_video_inread_0__container__\"><iframe id=\"google_ads_iframe_\/349353471\/p12\/nota_video_inread_0\" tabindex=\"0\" title=\"3rd party ad content\" name=\"google_ads_iframe_\/349353471\/p12\/nota_video_inread_0\" width=\"1\" height=\"1\" frameborder=\"0\" marginwidth=\"0\" marginheight=\"0\" scrolling=\"no\" aria-label=\"Advertisement\" data-load-complete=\"true\" data-google-container-id=\"3\" data-mce-fragment=\"1\"><\/iframe><\/div>\n<\/div>\n<div class=\"slot-available\"><\/div>\n<p>&#8220;Ante la nueva disposici\u00f3n dictatorial del presidente Milei, que arrasa contra el Congreso, las organizaciones convocantes hemos acordado rechazar en unidad, no solamente la vigencia del decreto 70\/23, sino tambi\u00e9n el veto a una mejora salarial para los jubilados&#8221;, afirm\u00f3 Godoy. En esa l\u00ednea, el dirigente sindical expres\u00f3 que &#8220;los jubilados y jubiladas, junto a las ni\u00f1eces, son los sectores m\u00e1s perjudicados por esta pol\u00edtica despiadada del gobierno de Milei&#8221;.<\/p>\n<p>Por su lado, Moyano llam\u00f3 a una movilizaci\u00f3n &#8220;contundente&#8221;. &#8220;Ojal\u00e1 podamos concientizar a los diputados y senadores, a los que a\u00fan les quede algo de lucidez&#8221;, indic\u00f3 Moyano. En tanto, Palazzo convoc\u00f3 a &#8220;rechazar&#8221; el &#8220;criminal&#8221; veto del Presidente al aumento de las jubilaciones y a &#8220;repudiar&#8221; la advertencia del mandatario respecto de impedir el incremento del presupuesto para las universidades. Yasky, por su parte, subray\u00f3 la necesidad de que el movimiento sindical &#8220;empiece a dar respuestas&#8221;, como &#8220;lo viene haciendo desde enero&#8221;, contra una pol\u00edtica econ\u00f3mica que &#8220;elev\u00f3 la indigencia y la pobreza por encima de lo visto durante la pandemia&#8221;.<\/p>\n","protected":false},"excerpt":{"rendered":"<p>El pr\u00f3ximo 12 de septiembre la CTA Aut\u00f3noma, la CTA de los Trabajadores, el Frente Sindical por el Modelo Nacional y la Corriente Federal de la CGT m\u00e1s la UTEP se movilizar\u00e1n al Congreso en &#8220;rechazo&#8221; de las pol\u00edticas econ\u00f3micas del presidente Javier Milei y contra el veto al aumento de las jubilaciones m\u00ednimas. Durante [&hellip;]<\/p>\n","protected":false},"author":2,"featured_media":26358,"comment_status":"open","ping_status":"open","sticky":false,"template":"","format":"standard","meta":{"footnotes":""},"categories":[65,64],"tags":[],"class_list":["post-26357","post","type-post","status-publish","format-standard","has-post-thumbnail","hentry","category-economia","category-nacionales"],"_links":{"self":[{"href":"https:\/\/radiosurfm.com\/web\/wp-json\/wp\/v2\/posts\/26357","targetHints":{"allow":["GET"]}}],"collection":[{"href":"https:\/\/radiosurfm.com\/web\/wp-json\/wp\/v2\/posts"}],"about":[{"href":"https:\/\/radiosurfm.com\/web\/wp-json\/wp\/v2\/types\/post"}],"author":[{"embeddable":true,"href":"https:\/\/radiosurfm.com\/web\/wp-json\/wp\/v2\/users\/2"}],"replies":[{"embeddable":true,"href":"https:\/\/radiosurfm.com\/web\/wp-json\/wp\/v2\/comments?post=26357"}],"version-history":[{"count":0,"href":"https:\/\/radiosurfm.com\/web\/wp-json\/wp\/v2\/posts\/26357\/revisions"}],"wp:featuredmedia":[{"embeddable":true,"href":"https:\/\/radiosurfm.com\/web\/wp-json\/wp\/v2\/media\/26358"}],"wp:attachment":[{"href":"https:\/\/radiosurfm.com\/web\/wp-json\/wp\/v2\/media?parent=26357"}],"wp:term":[{"taxonomy":"category","embeddable":true,"href":"https:\/\/radiosurfm.com\/web\/wp-json\/wp\/v2\/categories?post=26357"},{"taxonomy":"post_tag","embeddable":true,"href":"https:\/\/radiosurfm.com\/web\/wp-json\/wp\/v2\/tags?post=26357"}],"curies":[{"name":"wp","href":"https:\/\/api.w.org\/{rel}","templated":true}]}}