{"id":26410,"date":"2024-09-07T16:14:28","date_gmt":"2024-09-07T19:14:28","guid":{"rendered":"https:\/\/radiosurfm.com\/web\/?p=26410"},"modified":"2024-09-07T16:14:28","modified_gmt":"2024-09-07T19:14:28","slug":"libres-condenado-a-12-anos-de-prision-por-abusar-sexualmente-de-una-nina","status":"publish","type":"post","link":"https:\/\/radiosurfm.com\/web\/2024\/09\/07\/libres-condenado-a-12-anos-de-prision-por-abusar-sexualmente-de-una-nina\/","title":{"rendered":"Libres: condenado a 12 a\u00f1os de prisi\u00f3n por abusar sexualmente de una ni\u00f1a"},"content":{"rendered":"<p>El Tribunal de Juicio de Paso de Los Libres conden\u00f3 a un joven a 12 a\u00f1os de prisi\u00f3n por abusar sexualmente de una ni\u00f1a de 2 a\u00f1os. El caso hab\u00eda sido denunciado en junio del 2022 y hab\u00eda causado gran conmoci\u00f3n en la ciudad fronteriza.<br \/>\nEl viernes se llev\u00f3 adelante, tal como estaba prevista, la audiencia final, donde se conoci\u00f3 el monto de la pena, que le aplic\u00f3 el Tribunal de Juicio de Paso de los Libres a R.A. (28), al encontrarlo penalmente responsable de los delitos de \u201cAbuso Sexual de una menor de 13 a\u00f1os de edad, gravemente ultrajante por las circunstancias de su realizaci\u00f3n agravado por el da\u00f1o en su salud mental, en concurso real con el delito de producci\u00f3n de im\u00e1genes pornogr\u00e1ficas de una menor de edad\u201d y lo conden\u00f3 a la pena de 12 a\u00f1os de prisi\u00f3n, tal como lo solicit\u00f3 el Fiscal de Juicio, Facundo Sotelo.<br \/>\nAl dar a conocer el monto de la pena impuesta, el Presidente del Tribunal, Marcelo Fleitas, opin\u00f3 que la pena podr\u00eda ser m\u00e1s alta, pero que el C\u00f3digo Procesal Penal, establece que la pena nunca puede estar por encima de lo que solicita el Fiscal de Juicio. La pena que establece el C\u00f3digo Penal, son de 8 a 26 a\u00f1os de prisi\u00f3n.<br \/>\nEl Tribunal de Juicio de Paso de los Libres, estuvo constituido por los Dres. Marcelo Fleitas, Marcelo Pardo y Gustavo Ifr\u00e1n, asistidos por el Dr. Jos\u00e9 Monti.<br \/>\nEl lunes 16 de septiembre se conocer\u00e1n los fundamentos del fallo, precis\u00f3 el portal de noticias Confirmado.<\/p>\n<p>La causa<br \/>\nEl hecho ocurri\u00f3 en Paso de los Libres, en junio del 2022.<br \/>\nSeg\u00fan lo denunciado oportunamente, el acusado R.A., familiar de la pareja de padres de la ni\u00f1a de 2 a\u00f1os de edad (al momento del hecho), se acerca a la vivienda de los mismos, en horas de la tarde, con la excusa de conectarse con su celular a la red wifi, momento en que la madre de la menor le solicit\u00f3 que la mirara a la hija \u201cporque se ten\u00eda que ba\u00f1ar\u201d.<br \/>\nEn esas circunstancias R.A. se dirigi\u00f3 a la cama donde se encontraba la ni\u00f1a y aprovech\u00e1ndose de su vulnerabilidad y escasa edad, le quit\u00f3 la ropa, y roz\u00f3 su miembro genital sobre las zonas \u00edntimas de la menor, mientras la grababa y sacaba fotos con su celular.<br \/>\nEl abuso sexual a la ni\u00f1a, provoc\u00f3 en ella, un grave da\u00f1o en su salud mental, presentando vivencias de sucesos traum\u00e1ticos, que perturban el actual estado ps\u00edquico emocional.<br \/>\nEs por eso que la v\u00edctima es continuamente asistida por un gabinete de profesionales.<\/p>\n","protected":false},"excerpt":{"rendered":"<p>El Tribunal de Juicio de Paso de Los Libres conden\u00f3 a un joven a 12 a\u00f1os de prisi\u00f3n por abusar sexualmente de una ni\u00f1a de 2 a\u00f1os. El caso hab\u00eda sido denunciado en junio del 2022 y hab\u00eda causado gran conmoci\u00f3n en la ciudad fronteriza. El viernes se llev\u00f3 adelante, tal como estaba prevista, la [&hellip;]<\/p>\n","protected":false},"author":2,"featured_media":26411,"comment_status":"open","ping_status":"open","sticky":false,"template":"","format":"standard","meta":{"footnotes":""},"categories":[68,72],"tags":[],"class_list":["post-26410","post","type-post","status-publish","format-standard","has-post-thumbnail","hentry","category-policiales-nacionales","category-provinciales"],"_links":{"self":[{"href":"https:\/\/radiosurfm.com\/web\/wp-json\/wp\/v2\/posts\/26410","targetHints":{"allow":["GET"]}}],"collection":[{"href":"https:\/\/radiosurfm.com\/web\/wp-json\/wp\/v2\/posts"}],"about":[{"href":"https:\/\/radiosurfm.com\/web\/wp-json\/wp\/v2\/types\/post"}],"author":[{"embeddable":true,"href":"https:\/\/radiosurfm.com\/web\/wp-json\/wp\/v2\/users\/2"}],"replies":[{"embeddable":true,"href":"https:\/\/radiosurfm.com\/web\/wp-json\/wp\/v2\/comments?post=26410"}],"version-history":[{"count":0,"href":"https:\/\/radiosurfm.com\/web\/wp-json\/wp\/v2\/posts\/26410\/revisions"}],"wp:featuredmedia":[{"embeddable":true,"href":"https:\/\/radiosurfm.com\/web\/wp-json\/wp\/v2\/media\/26411"}],"wp:attachment":[{"href":"https:\/\/radiosurfm.com\/web\/wp-json\/wp\/v2\/media?parent=26410"}],"wp:term":[{"taxonomy":"category","embeddable":true,"href":"https:\/\/radiosurfm.com\/web\/wp-json\/wp\/v2\/categories?post=26410"},{"taxonomy":"post_tag","embeddable":true,"href":"https:\/\/radiosurfm.com\/web\/wp-json\/wp\/v2\/tags?post=26410"}],"curies":[{"name":"wp","href":"https:\/\/api.w.org\/{rel}","templated":true}]}}