{"id":26473,"date":"2024-09-10T13:38:03","date_gmt":"2024-09-10T16:38:03","guid":{"rendered":"https:\/\/radiosurfm.com\/web\/?p=26473"},"modified":"2024-09-10T13:38:03","modified_gmt":"2024-09-10T16:38:03","slug":"un-equipo-tecnico-trabaja-en-restaurar-la-basilica-de-itati-por-la-caida-de-mosaicos","status":"publish","type":"post","link":"https:\/\/radiosurfm.com\/web\/2024\/09\/10\/un-equipo-tecnico-trabaja-en-restaurar-la-basilica-de-itati-por-la-caida-de-mosaicos\/","title":{"rendered":"Un equipo t\u00e9cnico trabaja en restaurar la Bas\u00edlica de Itat\u00ed por la ca\u00edda de mosaicos"},"content":{"rendered":"<p>Un equipo t\u00e9cnico trabaja en restaurar la Bas\u00edlica de Itat\u00ed por la ca\u00edda de mosaicos luego de la tormenta de Santa Rosa.\u00a0En di\u00e1logo con Hoja de Ruta, Griselda Aquino, arquitecta y\u00a0gestora cultural y ambiental, confirm\u00f3 que se avanza en el tema pero resalt\u00f3 que los mosaicos requieren mantenimiento regular.<\/p>\n<p><strong>&#8220;La tormenta de Santa Rosa\u00a0que conocemos todos los correntinos lleg\u00f3 a Itat\u00ed el lunes 2 de septiembre con vientos fuertes del sur y por la altura de la Bas\u00edlica en la que\u00a0se entra ah\u00ed en la Escalinata se gener\u00f3 una especie de molino de\u00a0viento y volte\u00f3\u00a0lo que ser\u00eda el frontis mosaico.\u00a0<\/strong>\u00a0Es de decir, donde est\u00e1n las letras en la parte superior&#8221;, explic\u00f3 la profesional luego del di\u00e1logo con el rector de la Bas\u00edlica, Porfirio Ram\u00edrez.<\/p>\n<p>&#8220;El rector\u00a0se comunic\u00f3 con el intendente e\u00a0hizo una gesti\u00f3n ante el Gobierno de la Provincia y como hay personal aqu\u00ed trabajando en Itat\u00ed,\u00a0se iba a disponer un equipo t\u00e9cnico para restaurar esa cuesti\u00f3n&#8221;, se\u00f1al\u00f3.<strong>\u00a0&#8220;As\u00ed que el tema est\u00e1 encaminado y tanto las autoridades locales, eclesi\u00e1sticas, las autoridades provinciales est\u00e1n trabajando en ese sentido&#8221;, agreg\u00f3.\u00a0<\/strong><\/p>\n<p>Las entradas a la Bas\u00edlica en tanto est\u00e1n garantizadas. &#8220;Simplemente qued\u00f3 un sector muy peque\u00f1o\u00a0no habilitado que es la puerta que da al sur&#8221;, sum\u00f3. Adem\u00e1s, destac\u00f3 que los destrozos realizados por la tormenta no fueron de gran impacto.<\/p>\n<p>Aquino resalt\u00f3 a su vez que la Bas\u00edlica de Itat\u00ed &#8220;requiere en forma permanente un\u00a0mantenimiento&#8221;. &#8220;Si bien no corren riesgo de caerse es necesario un mantenimiento seg\u00fan los especialistas&#8221;, dijo.<\/p>\n","protected":false},"excerpt":{"rendered":"<p>Un equipo t\u00e9cnico trabaja en restaurar la Bas\u00edlica de Itat\u00ed por la ca\u00edda de mosaicos luego de la tormenta de Santa Rosa.\u00a0En di\u00e1logo con Hoja de Ruta, Griselda Aquino, arquitecta y\u00a0gestora cultural y ambiental, confirm\u00f3 que se avanza en el tema pero resalt\u00f3 que los mosaicos requieren mantenimiento regular. &#8220;La tormenta de Santa Rosa\u00a0que conocemos [&hellip;]<\/p>\n","protected":false},"author":2,"featured_media":26474,"comment_status":"open","ping_status":"open","sticky":false,"template":"","format":"standard","meta":{"footnotes":""},"categories":[72],"tags":[],"class_list":["post-26473","post","type-post","status-publish","format-standard","has-post-thumbnail","hentry","category-provinciales"],"_links":{"self":[{"href":"https:\/\/radiosurfm.com\/web\/wp-json\/wp\/v2\/posts\/26473","targetHints":{"allow":["GET"]}}],"collection":[{"href":"https:\/\/radiosurfm.com\/web\/wp-json\/wp\/v2\/posts"}],"about":[{"href":"https:\/\/radiosurfm.com\/web\/wp-json\/wp\/v2\/types\/post"}],"author":[{"embeddable":true,"href":"https:\/\/radiosurfm.com\/web\/wp-json\/wp\/v2\/users\/2"}],"replies":[{"embeddable":true,"href":"https:\/\/radiosurfm.com\/web\/wp-json\/wp\/v2\/comments?post=26473"}],"version-history":[{"count":0,"href":"https:\/\/radiosurfm.com\/web\/wp-json\/wp\/v2\/posts\/26473\/revisions"}],"wp:featuredmedia":[{"embeddable":true,"href":"https:\/\/radiosurfm.com\/web\/wp-json\/wp\/v2\/media\/26474"}],"wp:attachment":[{"href":"https:\/\/radiosurfm.com\/web\/wp-json\/wp\/v2\/media?parent=26473"}],"wp:term":[{"taxonomy":"category","embeddable":true,"href":"https:\/\/radiosurfm.com\/web\/wp-json\/wp\/v2\/categories?post=26473"},{"taxonomy":"post_tag","embeddable":true,"href":"https:\/\/radiosurfm.com\/web\/wp-json\/wp\/v2\/tags?post=26473"}],"curies":[{"name":"wp","href":"https:\/\/api.w.org\/{rel}","templated":true}]}}