{"id":26524,"date":"2024-09-12T12:16:44","date_gmt":"2024-09-12T15:16:44","guid":{"rendered":"https:\/\/radiosurfm.com\/web\/?p=26524"},"modified":"2024-09-12T12:16:44","modified_gmt":"2024-09-12T15:16:44","slug":"cronograma-de-pago-plus-de-refuerzo-para-estatales-provinciales","status":"publish","type":"post","link":"https:\/\/radiosurfm.com\/web\/2024\/09\/12\/cronograma-de-pago-plus-de-refuerzo-para-estatales-provinciales\/","title":{"rendered":"Cronograma de pago plus de refuerzo para estatales provinciales"},"content":{"rendered":"<p>El cronograma comienza este lunes 16, d\u00eda que percibir\u00e1n los agentes, activos, jubilados y pensionados de la administraci\u00f3n p\u00fablica provincia con Documento Nacional de Identidad, terminados en n\u00fameros 0 y 1.<\/p>\n<p>Este tramo ya estar\u00e1 disponible a trav\u00e9s de los cajeros autom\u00e1ticos habilitados por el Banco de Corrientes SA, desde este s\u00e1bado 14.<\/p>\n<p>El segundo tramo ser\u00e1 el martes 17, jornada que cobrar\u00e1n aquellos con documentos terminados en 2 y 3. El mi\u00e9rcoles 18, se pagar\u00e1 a los DNI finalizados en 4 y 5. El jueves 19, ser\u00e1 el turno para los documentos terminados en 6 y 7.<\/p>\n<p>El pago del Adicional de Refuerzo correspondiente a septiembre termina el viernes 20, con el pago a los agentes con DNI terminados en 8 y 9.<\/p>\n","protected":false},"excerpt":{"rendered":"<p>El cronograma comienza este lunes 16, d\u00eda que percibir\u00e1n los agentes, activos, jubilados y pensionados de la administraci\u00f3n p\u00fablica provincia con Documento Nacional de Identidad, terminados en n\u00fameros 0 y 1. Este tramo ya estar\u00e1 disponible a trav\u00e9s de los cajeros autom\u00e1ticos habilitados por el Banco de Corrientes SA, desde este s\u00e1bado 14. El segundo [&hellip;]<\/p>\n","protected":false},"author":2,"featured_media":21788,"comment_status":"open","ping_status":"open","sticky":false,"template":"","format":"standard","meta":{"footnotes":""},"categories":[65,72],"tags":[],"class_list":["post-26524","post","type-post","status-publish","format-standard","has-post-thumbnail","hentry","category-economia","category-provinciales"],"_links":{"self":[{"href":"https:\/\/radiosurfm.com\/web\/wp-json\/wp\/v2\/posts\/26524","targetHints":{"allow":["GET"]}}],"collection":[{"href":"https:\/\/radiosurfm.com\/web\/wp-json\/wp\/v2\/posts"}],"about":[{"href":"https:\/\/radiosurfm.com\/web\/wp-json\/wp\/v2\/types\/post"}],"author":[{"embeddable":true,"href":"https:\/\/radiosurfm.com\/web\/wp-json\/wp\/v2\/users\/2"}],"replies":[{"embeddable":true,"href":"https:\/\/radiosurfm.com\/web\/wp-json\/wp\/v2\/comments?post=26524"}],"version-history":[{"count":0,"href":"https:\/\/radiosurfm.com\/web\/wp-json\/wp\/v2\/posts\/26524\/revisions"}],"wp:featuredmedia":[{"embeddable":true,"href":"https:\/\/radiosurfm.com\/web\/wp-json\/wp\/v2\/media\/21788"}],"wp:attachment":[{"href":"https:\/\/radiosurfm.com\/web\/wp-json\/wp\/v2\/media?parent=26524"}],"wp:term":[{"taxonomy":"category","embeddable":true,"href":"https:\/\/radiosurfm.com\/web\/wp-json\/wp\/v2\/categories?post=26524"},{"taxonomy":"post_tag","embeddable":true,"href":"https:\/\/radiosurfm.com\/web\/wp-json\/wp\/v2\/tags?post=26524"}],"curies":[{"name":"wp","href":"https:\/\/api.w.org\/{rel}","templated":true}]}}