{"id":26599,"date":"2024-09-18T12:48:06","date_gmt":"2024-09-18T15:48:06","guid":{"rendered":"https:\/\/radiosurfm.com\/web\/?p=26599"},"modified":"2024-09-18T12:48:06","modified_gmt":"2024-09-18T15:48:06","slug":"para-came-el-descalabro-tributario-dificulta-la-competitividad-de-las-pymes","status":"publish","type":"post","link":"https:\/\/radiosurfm.com\/web\/2024\/09\/18\/para-came-el-descalabro-tributario-dificulta-la-competitividad-de-las-pymes\/","title":{"rendered":"Para CAME, el descalabro tributario dificulta la competitividad de las Pymes"},"content":{"rendered":"<div>El sector industrial de CAME realiz\u00f3 un plenario con m\u00e1s de 150 industriales pymes del pa\u00eds del que, adem\u00e1s del presidente de la entidad, particip\u00f3 tambi\u00e9n el secretario de la Peque\u00f1a y Mediana Empresa, Emprendedores y Econom\u00eda del Conocimiento de la Naci\u00f3n, Marcos Ayerra.<\/div>\n<div>\n<div><\/div>\n<div>&#8220;Estamos convencidos de que la \u00fanica que crea riqueza es la empresa privada y quienes generamos m\u00e1s empleo somos las pymes de nuestro pa\u00eds&#8221;, expres\u00f3 Gonz\u00e1lez. &#8220;Ser industrial significa estar profundamente comprometido con la cadena de valor de la producci\u00f3n y desempe\u00f1ar un papel protag\u00f3nico en el desarrollo econ\u00f3mico de la naci\u00f3n&#8221;.<\/div>\n<\/div>\n<div>\n<div><\/div>\n<div>Por su parte, Ayerra asegur\u00f3 que desde el Gobierno nacional est\u00e1n trabajando &#8220;para sacarles el pie de encima a las pymes&#8221;. &#8220;Las pymes industriales presentan el principal desaf\u00edo, ya que la menor inflaci\u00f3n desnud\u00f3 la falta de competitividad&#8221;, manifest\u00f3 y a\u00f1adi\u00f3: &#8220;Sabemos que muchas pymes est\u00e1n pasando un momento dif\u00edcil&#8221;.<\/div>\n<\/div>\n<div>\n<div><\/div>\n<div>Al respecto, enumer\u00f3 algunas de las medidas que se est\u00e1n tomando desde la Secretar\u00eda: la eliminaci\u00f3n de barreras para productos que son insumos de las pymes, como el acero o el pl\u00e1stico, entre otros; la normalizaci\u00f3n de importaciones y pagos; la eliminaci\u00f3n de las SIRA; y el avance con la importaci\u00f3n temporaria.<\/div>\n<div>Desde CAME, se solicit\u00f3 al Secretario estabilidad fiscal para las pymes con paulatino descenso de la presi\u00f3n fiscal; una al\u00edcuota reducida de ganancias para todas las pymes, como existe en muchos pa\u00edses del mundo; y una cuenta \u00fanica tributaria con aplicaci\u00f3n autom\u00e1tica de saldos a favor a todos los impuestos.<\/div>\n<\/div>\n<div>\n<div><\/div>\n<div>Por \u00faltimo, el director del sector industrial de CAME, Juan Carlos Uboldi, asegur\u00f3 que &#8220;Argentina arrastra un problema de inequidad fiscal creciente y de presi\u00f3n fiscal fuertemente desigual entre los contribuyentes tributarios&#8221;. Asimismo, en materia energ\u00e9tica reclam\u00f3 atenuar y ralentizar los aumentos para pymes y reducir la presi\u00f3n impositiva sobre tarifas.<\/div>\n<\/div>\n<div>\n<div><\/div>\n<div>Adem\u00e1s, pidi\u00f3 continuar la capacitaci\u00f3n laboral y el reentrenamiento de los operarios, acentuado los programas duales de las escuelas t\u00e9cnicas, promoviendo nuevos instrumentos de formaci\u00f3n. Tambi\u00e9n, se solicit\u00f3 apoyar la industria del conocimiento con l\u00edneas de cr\u00e9dito fiscal y programas espec\u00edficos.<\/div>\n<\/div>\n<div>\n<div><\/div>\n<div>Estuvieron presentes el director nacional de Fortalecimiento de la Competitividad Pyme, Christian Bauab; el presidente de la Asociaci\u00f3n de Industriales Metal\u00fargicos de la Rep\u00fablica Argentina (ADIMRA), Elio del Re; y el titular de la Asociaci\u00f3n de Parques Industriales Argentinos (APIA), Rodolfo Games. Por parte de CAME, participaron el secretario general de CAME, Ricardo Diab; el secretario de Hacienda, Blas Taladrid; los vicepresidentes Alberto Kahale y Fabi\u00e1n Castillo; e integrantes del comit\u00e9 de presidencia de la entidad.<\/div>\n<\/div>\n","protected":false},"excerpt":{"rendered":"<p>El sector industrial de CAME realiz\u00f3 un plenario con m\u00e1s de 150 industriales pymes del pa\u00eds del que, adem\u00e1s del presidente de la entidad, particip\u00f3 tambi\u00e9n el secretario de la Peque\u00f1a y Mediana Empresa, Emprendedores y Econom\u00eda del Conocimiento de la Naci\u00f3n, Marcos Ayerra. &#8220;Estamos convencidos de que la \u00fanica que crea riqueza es la [&hellip;]<\/p>\n","protected":false},"author":2,"featured_media":23915,"comment_status":"open","ping_status":"open","sticky":false,"template":"","format":"standard","meta":{"footnotes":""},"categories":[65,64],"tags":[],"class_list":["post-26599","post","type-post","status-publish","format-standard","has-post-thumbnail","hentry","category-economia","category-nacionales"],"_links":{"self":[{"href":"https:\/\/radiosurfm.com\/web\/wp-json\/wp\/v2\/posts\/26599","targetHints":{"allow":["GET"]}}],"collection":[{"href":"https:\/\/radiosurfm.com\/web\/wp-json\/wp\/v2\/posts"}],"about":[{"href":"https:\/\/radiosurfm.com\/web\/wp-json\/wp\/v2\/types\/post"}],"author":[{"embeddable":true,"href":"https:\/\/radiosurfm.com\/web\/wp-json\/wp\/v2\/users\/2"}],"replies":[{"embeddable":true,"href":"https:\/\/radiosurfm.com\/web\/wp-json\/wp\/v2\/comments?post=26599"}],"version-history":[{"count":0,"href":"https:\/\/radiosurfm.com\/web\/wp-json\/wp\/v2\/posts\/26599\/revisions"}],"wp:featuredmedia":[{"embeddable":true,"href":"https:\/\/radiosurfm.com\/web\/wp-json\/wp\/v2\/media\/23915"}],"wp:attachment":[{"href":"https:\/\/radiosurfm.com\/web\/wp-json\/wp\/v2\/media?parent=26599"}],"wp:term":[{"taxonomy":"category","embeddable":true,"href":"https:\/\/radiosurfm.com\/web\/wp-json\/wp\/v2\/categories?post=26599"},{"taxonomy":"post_tag","embeddable":true,"href":"https:\/\/radiosurfm.com\/web\/wp-json\/wp\/v2\/tags?post=26599"}],"curies":[{"name":"wp","href":"https:\/\/api.w.org\/{rel}","templated":true}]}}