{"id":26711,"date":"2024-09-24T13:59:38","date_gmt":"2024-09-24T16:59:38","guid":{"rendered":"https:\/\/radiosurfm.com\/web\/?p=26711"},"modified":"2024-09-24T13:59:38","modified_gmt":"2024-09-24T16:59:38","slug":"investigan-si-esta-en-corrientes-un-nino-del-chaco-que-esta-desaparecido-hace-dos-meses","status":"publish","type":"post","link":"https:\/\/radiosurfm.com\/web\/2024\/09\/24\/investigan-si-esta-en-corrientes-un-nino-del-chaco-que-esta-desaparecido-hace-dos-meses\/","title":{"rendered":"Investigan si est\u00e1 en Corrientes un ni\u00f1o del Chaco que est\u00e1 desaparecido hace dos meses"},"content":{"rendered":"<p>En las \u00faltimas horas se dio a conocer en Chaco una\u00a0denuncia relacionada a la desaparici\u00f3n de un menor que podr\u00eda estar en una localidad de Corrientes.<\/p>\n<p>Seg\u00fan expuso su padre a las autoridades policiales, Juan Carlos\u00a0Segovia de tan s\u00f3lo 5 a\u00f1os desapareci\u00f3 hace dos meses e investigan si fue secuestrado por su madre.<\/p>\n<p>En base al reporte policial, el pasado 14 de julio Juan Carlos fue visto por \u00faltima vez en su hogar en Resistencia.<\/p>\n<p>Su padre realiz\u00f3 la denuncia, y desde entonces la principal hip\u00f3tesis de las autoridades es que su madre, Soledad Patricia Ubeda, lo rapt\u00f3 y lo traslad\u00f3 a otra provincia.<\/p>\n<p>En relaci\u00f3n a las investigaciones del caso, se presume el menor y su madre podr\u00edan estar refugiados en Corrientes o Buenos Aires. La organizaci\u00f3n Missing Children Argentina emiti\u00f3 una alerta nacional para movilizar a la poblaci\u00f3n.<\/p>\n<div class=\"container-spot\" data-tipo=\"tipo_todo\" data-pos=\"NEW_P3_cuerpo\"><\/div>\n<p>Quienes tengan informaci\u00f3n sobre el paradero del ni\u00f1o pueden comunicarse con las autoridades, con la esperanza de obtener datos que permitan avanzar en la investigaci\u00f3n.<\/p>\n<p>El caso est\u00e1 siendo investigado por el Equipo Fiscal N\u00b0 6, que mantiene activa la b\u00fasqueda desde el momento en que se dio a conocer la desaparici\u00f3n.<\/p>\n","protected":false},"excerpt":{"rendered":"<p>En las \u00faltimas horas se dio a conocer en Chaco una\u00a0denuncia relacionada a la desaparici\u00f3n de un menor que podr\u00eda estar en una localidad de Corrientes. Seg\u00fan expuso su padre a las autoridades policiales, Juan Carlos\u00a0Segovia de tan s\u00f3lo 5 a\u00f1os desapareci\u00f3 hace dos meses e investigan si fue secuestrado por su madre. En base [&hellip;]<\/p>\n","protected":false},"author":2,"featured_media":26712,"comment_status":"open","ping_status":"open","sticky":false,"template":"","format":"standard","meta":{"footnotes":""},"categories":[68,72],"tags":[],"class_list":["post-26711","post","type-post","status-publish","format-standard","has-post-thumbnail","hentry","category-policiales-nacionales","category-provinciales"],"_links":{"self":[{"href":"https:\/\/radiosurfm.com\/web\/wp-json\/wp\/v2\/posts\/26711","targetHints":{"allow":["GET"]}}],"collection":[{"href":"https:\/\/radiosurfm.com\/web\/wp-json\/wp\/v2\/posts"}],"about":[{"href":"https:\/\/radiosurfm.com\/web\/wp-json\/wp\/v2\/types\/post"}],"author":[{"embeddable":true,"href":"https:\/\/radiosurfm.com\/web\/wp-json\/wp\/v2\/users\/2"}],"replies":[{"embeddable":true,"href":"https:\/\/radiosurfm.com\/web\/wp-json\/wp\/v2\/comments?post=26711"}],"version-history":[{"count":0,"href":"https:\/\/radiosurfm.com\/web\/wp-json\/wp\/v2\/posts\/26711\/revisions"}],"wp:featuredmedia":[{"embeddable":true,"href":"https:\/\/radiosurfm.com\/web\/wp-json\/wp\/v2\/media\/26712"}],"wp:attachment":[{"href":"https:\/\/radiosurfm.com\/web\/wp-json\/wp\/v2\/media?parent=26711"}],"wp:term":[{"taxonomy":"category","embeddable":true,"href":"https:\/\/radiosurfm.com\/web\/wp-json\/wp\/v2\/categories?post=26711"},{"taxonomy":"post_tag","embeddable":true,"href":"https:\/\/radiosurfm.com\/web\/wp-json\/wp\/v2\/tags?post=26711"}],"curies":[{"name":"wp","href":"https:\/\/api.w.org\/{rel}","templated":true}]}}