{"id":26878,"date":"2024-10-11T16:41:15","date_gmt":"2024-10-11T19:41:15","guid":{"rendered":"https:\/\/radiosurfm.com\/web\/?p=26878"},"modified":"2024-10-11T16:41:15","modified_gmt":"2024-10-11T19:41:15","slug":"quintela-le-puso-la-firma-a-su-candidatura-para-conducir-el-pj","status":"publish","type":"post","link":"https:\/\/radiosurfm.com\/web\/2024\/10\/11\/quintela-le-puso-la-firma-a-su-candidatura-para-conducir-el-pj\/","title":{"rendered":"Quintela le puso la firma a su candidatura para conducir el PJ"},"content":{"rendered":"<p><b>El gobernador de La Rioja, Ricardo Quintela, le puso la firma a su candidatura para presidir el Partido Justicialista<\/b>, a pesar de que la ex presidenta Cristina Kirchner confirm\u00f3 esta semana &#8220;estar dispuesta&#8221; a asumir el cargo, a partir del operativo clamor que se gener\u00f3 alrededor de su nombre. Quintela se mantuvo firme desde que comenzaron los rumores sobre Cristina y\u00a0<b>esta tarde confirm\u00f3 su lista &#8220;Federalismo y Justicia&#8221; para las elecciones del pr\u00f3ximo 17 de noviembre.<\/b><\/p>\n<p>&#8220;No hay que temer al proceso interno, lo importante es que el que gane conduzca y el que pierda acompa\u00f1e&#8221;, sostuvo Quintela, cuando la ola del\u00a0operativo clamor\u00a0para que Cristina asuma la conducci\u00f3n del PJ comenz\u00f3 a crecer agitada por legisladores, gremialistas e intendentes. Y agreg\u00f3: &#8220;El respeto que le tengo (a CFK) es absoluto. El cari\u00f1o y la admiraci\u00f3n tambi\u00e9n.\u00a0Tendremos que presentar las dos propuestas&#8221;.<\/p>\n<div id=\"talkFireEvent\"><\/div>\n<div class=\"slot-available\"><\/div>\n<p>Pasado el fin de semana, Cristina public\u00f3 en sus redes la &#8220;carta abierta a los compa\u00f1eros y compa\u00f1eras peronistas, y a los argentinos que nunca lo fueron, tambi\u00e9n&#8221;; en la que dijo &#8220;estar dispuesta&#8221; a tomar la propuesta p\u00fablica para que ella lidere el PJ, habl\u00f3 de &#8220;unidad&#8221; y de que en el peronismo &#8220;no sobra nadie&#8221;.<\/p>\n<p>En la previa, Quintela minimiz\u00f3 el operativo clamor y llam\u00f3 a pedir a los dirigentes que la convocaban a que &#8220;no se esconda bajo la pollera de ella&#8221;; pero la carta de la ex mandataria no dej\u00f3 dudas.<\/p>\n<p>Quintela, entonces, le respondi\u00f3 r\u00e1pidamente, sin bajarse: &#8220;Creo, igual que Cristina, que ac\u00e1 no sobra nadie y tambi\u00e9n mi proyecto es el de conducir un proceso de unidad, con todos adentro&#8221;.<\/p>\n<div class=\"slot-available\"><\/div>\n<p>Seg\u00fan la presentaci\u00f3n oficial que se public\u00f3 en redes oficiales, Quintela puso la firma para su candidatura esta tarde a las 14.30; pero no lo difundi\u00f3 por las redes sociales como cuando sali\u00f3 a responderle a la ex presidenta. El encargado del anuncio fue uno de sus apoderados legales,\u00a0<b>el abogado y ex juez penalista Daniel Llermanos<\/b>. El otro apoderado que acompa\u00f1\u00f3 a Quintela fue Jorge Yoma, ex legislador peronista,\u00a0 embajador durante los gobiernos de Cristina y Mauricio Macri y actual Ministro de Gobierno y Justicia de La Rioja.<\/p>\n<p>Quintela no se qued\u00f3 quieto entre la respuesta a Cristina y la firma de esta tarde sino que sali\u00f3 de tierras cuyanas para seguir recorriendo en el pa\u00eds como candidato a conducir el PJ.\u00a0 El martes visit\u00f3 la ciudad de Mar del Plata para asistir al Congreso N\u00ba 96 de Delegados Congresales.\u00a0 \u201cEl peronismo est\u00e1 pasando por una situaci\u00f3n compleja y se ha convocado un proceso electoral que culmina el 17 de noviembre, cuando el afiliado peronista vaya a depositar su voto y decida qui\u00e9n conducir\u00e1 en el pr\u00f3ximo proceso\u201d, convoc\u00f3.<\/p>\n<div class=\"slot-available\"><\/div>\n<p>El gobernador destac\u00f3 su perfil opositor al gobierno de Javier Milei, con quien se reuni\u00f3 una sola vez, y destac\u00f3 decisiones econ\u00f3micas provinciales como la emisi\u00f3n de los bonos &#8220;Chachos&#8221;. &#8220;Estamos decididos a dar batalla, poder generar un polo de resistencia que sea lo suficientemente fuerte y poderoso, con los gobernadores que se quieran sumar, con los movimientos sindicales y sociales&#8221;, plante\u00f3.<\/p>\n<p>Por el momento, Cristina no respondi\u00f3 ni realiz\u00f3 su propia presentaci\u00f3n como candidata, pero s\u00ed se encarg\u00f3 de marcar qu\u00e9 peronista s\u00ed podr\u00edan sobrar en el nuevo armado partidario. &#8220;Hoy los distintos portales de noticias nos devuelven las im\u00e1genes de gobernadores de nuestro partido que habr\u00edan influido sobre algunos legisladores de sus provincias, para plegarse a la estrategia de apoyo al veto de Milei&#8221;, dijo sobre el respaldo de los gobernadores de Tucum\u00e1n, Osvaldo Jaldo; y de Catamarca, Ra\u00fal Jalil, al veto de la Ley de Financiamiento Universitario.<\/p>\n<div class=\"slot-available\"><\/div>\n<p>La ex presidenta calific\u00f3 la actitud como un &#8220;verdadero transfuguismo&#8221; en busca de recursos y llam\u00f3 a &#8220;a enderezar lo que se torci\u00f3 y ordenar lo que se desorden\u00f3 para construir el mejor peronismo posible en una Argentina que se ha vuelto imposible para la mayor\u00eda de nuestros habitantes&#8221;.<i>\u00a0&#8220;<\/i>Para que nadie m\u00e1s en nombre del peronismo termine utilizando una banca en contra del Pueblo y la Naci\u00f3n&#8221;, concluy\u00f3. Las intenciones de Quintela parecen ser las mismas.<\/p>\n","protected":false},"excerpt":{"rendered":"<p>El gobernador de La Rioja, Ricardo Quintela, le puso la firma a su candidatura para presidir el Partido Justicialista, a pesar de que la ex presidenta Cristina Kirchner confirm\u00f3 esta semana &#8220;estar dispuesta&#8221; a asumir el cargo, a partir del operativo clamor que se gener\u00f3 alrededor de su nombre. Quintela se mantuvo firme desde que [&hellip;]<\/p>\n","protected":false},"author":2,"featured_media":26879,"comment_status":"open","ping_status":"open","sticky":false,"template":"","format":"standard","meta":{"footnotes":""},"categories":[64,66],"tags":[],"class_list":["post-26878","post","type-post","status-publish","format-standard","has-post-thumbnail","hentry","category-nacionales","category-politica-nacionales"],"_links":{"self":[{"href":"https:\/\/radiosurfm.com\/web\/wp-json\/wp\/v2\/posts\/26878","targetHints":{"allow":["GET"]}}],"collection":[{"href":"https:\/\/radiosurfm.com\/web\/wp-json\/wp\/v2\/posts"}],"about":[{"href":"https:\/\/radiosurfm.com\/web\/wp-json\/wp\/v2\/types\/post"}],"author":[{"embeddable":true,"href":"https:\/\/radiosurfm.com\/web\/wp-json\/wp\/v2\/users\/2"}],"replies":[{"embeddable":true,"href":"https:\/\/radiosurfm.com\/web\/wp-json\/wp\/v2\/comments?post=26878"}],"version-history":[{"count":0,"href":"https:\/\/radiosurfm.com\/web\/wp-json\/wp\/v2\/posts\/26878\/revisions"}],"wp:featuredmedia":[{"embeddable":true,"href":"https:\/\/radiosurfm.com\/web\/wp-json\/wp\/v2\/media\/26879"}],"wp:attachment":[{"href":"https:\/\/radiosurfm.com\/web\/wp-json\/wp\/v2\/media?parent=26878"}],"wp:term":[{"taxonomy":"category","embeddable":true,"href":"https:\/\/radiosurfm.com\/web\/wp-json\/wp\/v2\/categories?post=26878"},{"taxonomy":"post_tag","embeddable":true,"href":"https:\/\/radiosurfm.com\/web\/wp-json\/wp\/v2\/tags?post=26878"}],"curies":[{"name":"wp","href":"https:\/\/api.w.org\/{rel}","templated":true}]}}