{"id":26895,"date":"2024-10-15T15:15:05","date_gmt":"2024-10-15T18:15:05","guid":{"rendered":"https:\/\/radiosurfm.com\/web\/?p=26895"},"modified":"2024-10-15T15:15:05","modified_gmt":"2024-10-15T18:15:05","slug":"nacion-privatizara-el-paso-fronterizo-de-paso-de-los-libres","status":"publish","type":"post","link":"https:\/\/radiosurfm.com\/web\/2024\/10\/15\/nacion-privatizara-el-paso-fronterizo-de-paso-de-los-libres\/","title":{"rendered":"Naci\u00f3n privatizar\u00e1 el paso fronterizo de Paso de los Libres"},"content":{"rendered":"<div>En las \u00faltimas horas se dio a conocer la convocatoria por parte del Gobierno Nacional de Javier Milei para privatizar por 25 a\u00f1os el Centro de Fronteras de Paso de los Libres. El llamado tambi\u00e9n incluye el Complejo Terminal de Cargas (COTECAR) y el \u00c1rea de Control Integrado (ACI). El llamado establece el cobro de estacionamiento y servicios a quienes circulen por este paso.<\/div>\n<div><\/div>\n<div>Las pol\u00edticas privatizadoras de Milei comienzan a llegar al territorio correntino a trav\u00e9s de la aplicaci\u00f3n del nuevo R\u00e9gimen de Iniciativa Privada, aprobado en la Ley Bases. Esta medida fue activada por Guillermo Francos, jefe de Gabinete, y propone entregar el uso, explotaci\u00f3n, operaci\u00f3n, funcionamiento y administraci\u00f3n a manos de una empresa privada los servicios al transporte de pasajeros y de cargas de un paso fronterizo clave con Brasil.<\/div>\n<div><\/div>\n<div>El Centro de Frontera se encuentra en manos del Estado Nacional desde 1982 y por dicho paso se registra un promedio anual de 1.547.031 veh\u00edculos, de los cuales el 85% son autom\u00f3viles particulares; el 13% son camiones y el resto \u00f3mnibus de pasajeros. En las instalaciones funcionan delegaciones de Migraciones, AFIP, Gendarmer\u00eda, Aduanas, SENASA, CNRT, ANMAT y Gendarmer\u00eda Nacional. Adem\u00e1s cuenta con playas de estacionamiento para 900 camiones.<\/div>\n<div><\/div>\n<div>Las empresas privadas interesadas en operar el centro fronterizo de Paso de los Libres tienen plazo hasta el 13 de diciembre de 2024 para presentar sus proyectos y los proyectos deben contener \u201cinversiones b\u00e1sicas e innovadoras que potencien los servicios prestados\u201d.<\/div>\n<div><\/div>\n<div>El Gobierno propone que los ingresos del privado tendr\u00e1n su origen en las tarifas reguladas del estacionamiento y la facturaci\u00f3n de distintos tipos de servicios brindados a los particulares y a los transportistas. Adem\u00e1s la operaria deber\u00e1 abonar un canon fijo anual y las inversiones correr\u00e1n por cuenta de la misma.<\/div>\n<div><\/div>\n<div>Establecen tambi\u00e9n que si es necesario el privado podr\u00e1 construir infraestructura hotelera, gastron\u00f3mica, espacios de recreaci\u00f3n, tiendas, \u00e1rea de servicios como lavadero, gomer\u00eda, talleres, entre otros.<\/div>\n","protected":false},"excerpt":{"rendered":"<p>En las \u00faltimas horas se dio a conocer la convocatoria por parte del Gobierno Nacional de Javier Milei para privatizar por 25 a\u00f1os el Centro de Fronteras de Paso de los Libres. El llamado tambi\u00e9n incluye el Complejo Terminal de Cargas (COTECAR) y el \u00c1rea de Control Integrado (ACI). El llamado establece el cobro de [&hellip;]<\/p>\n","protected":false},"author":2,"featured_media":26896,"comment_status":"open","ping_status":"open","sticky":false,"template":"","format":"standard","meta":{"footnotes":""},"categories":[72],"tags":[],"class_list":["post-26895","post","type-post","status-publish","format-standard","has-post-thumbnail","hentry","category-provinciales"],"_links":{"self":[{"href":"https:\/\/radiosurfm.com\/web\/wp-json\/wp\/v2\/posts\/26895","targetHints":{"allow":["GET"]}}],"collection":[{"href":"https:\/\/radiosurfm.com\/web\/wp-json\/wp\/v2\/posts"}],"about":[{"href":"https:\/\/radiosurfm.com\/web\/wp-json\/wp\/v2\/types\/post"}],"author":[{"embeddable":true,"href":"https:\/\/radiosurfm.com\/web\/wp-json\/wp\/v2\/users\/2"}],"replies":[{"embeddable":true,"href":"https:\/\/radiosurfm.com\/web\/wp-json\/wp\/v2\/comments?post=26895"}],"version-history":[{"count":0,"href":"https:\/\/radiosurfm.com\/web\/wp-json\/wp\/v2\/posts\/26895\/revisions"}],"wp:featuredmedia":[{"embeddable":true,"href":"https:\/\/radiosurfm.com\/web\/wp-json\/wp\/v2\/media\/26896"}],"wp:attachment":[{"href":"https:\/\/radiosurfm.com\/web\/wp-json\/wp\/v2\/media?parent=26895"}],"wp:term":[{"taxonomy":"category","embeddable":true,"href":"https:\/\/radiosurfm.com\/web\/wp-json\/wp\/v2\/categories?post=26895"},{"taxonomy":"post_tag","embeddable":true,"href":"https:\/\/radiosurfm.com\/web\/wp-json\/wp\/v2\/tags?post=26895"}],"curies":[{"name":"wp","href":"https:\/\/api.w.org\/{rel}","templated":true}]}}