{"id":26959,"date":"2024-10-18T16:46:19","date_gmt":"2024-10-18T19:46:19","guid":{"rendered":"https:\/\/radiosurfm.com\/web\/?p=26959"},"modified":"2024-10-18T16:46:19","modified_gmt":"2024-10-18T19:46:19","slug":"con-artistas-locales-y-la-actuacion-de-gerardo-y-los-chaques-dio-inicio-la-xxviii-fiesta-nacional-de-la-horticultura","status":"publish","type":"post","link":"https:\/\/radiosurfm.com\/web\/2024\/10\/18\/con-artistas-locales-y-la-actuacion-de-gerardo-y-los-chaques-dio-inicio-la-xxviii-fiesta-nacional-de-la-horticultura\/","title":{"rendered":"Con artistas locales y la actuaci\u00f3n de Gerardo y Los Chaques, dio inicio la XXVIII Fiesta Nacional de la Horticultura"},"content":{"rendered":"<p>Santa Luc\u00eda tuvo la noche inaugural de la edici\u00f3n n\u00famero 28 de la Fiesta Nacional de la Horticultura. Con entrada libre y gratuita, las actuaciones de artistas locales y un gran cierre con Gerardo y los Chaques, la ciudad disfrut\u00f3 de la primera de cuatro noches. Hoy viernes se inaugura la expo Horticultura, habr\u00e1 concurso de embalaje y las actuaciones destacadas de Los De Imagur\u00e9 y L\u00e1zaro Caballero, entre otros.<\/p>\n<p>La jornada inaugural comenz\u00f3 con la apertura del Ballet Oficial de la Fiesta, las actuaciones de JyF D\u00fao Musical, La comparsa Bella Luc\u00eda, Isabella Pozzer, Coraz\u00f3n Tropical, El Aguante, Amazona, Los Caminantes, Banda Itat\u00ed, Luis Lom\u00f3naco y conjunto, Omar Gonzalez, La Mama Tropical, La Pasi\u00f3n, Amazonas, Los Fabulosos Din\u00e1micos, Juan Ram\u00f3n y Su Banda.<\/p>\n<div>Gran algarab\u00eda se vivi\u00f3 con el show en vivo de Gerardo y Los Chaques cantando todos sus \u00e9xitos.<\/div>\n<div><\/div>\n<div>Hoy viernes la fiesta contin\u00faa, con la inaug de la Expo Horticultura, cena de Hortocultures, concurso de embalaje, la Guardia de Honor, Luis Borzato y Victor Rojas, Los De Imagur\u00e9, entre otros.<\/div>\n","protected":false},"excerpt":{"rendered":"<p>Santa Luc\u00eda tuvo la noche inaugural de la edici\u00f3n n\u00famero 28 de la Fiesta Nacional de la Horticultura. Con entrada libre y gratuita, las actuaciones de artistas locales y un gran cierre con Gerardo y los Chaques, la ciudad disfrut\u00f3 de la primera de cuatro noches. Hoy viernes se inaugura la expo Horticultura, habr\u00e1 concurso [&hellip;]<\/p>\n","protected":false},"author":2,"featured_media":26960,"comment_status":"open","ping_status":"open","sticky":false,"template":"","format":"standard","meta":{"footnotes":""},"categories":[67,72],"tags":[],"class_list":["post-26959","post","type-post","status-publish","format-standard","has-post-thumbnail","hentry","category-cultura","category-provinciales"],"_links":{"self":[{"href":"https:\/\/radiosurfm.com\/web\/wp-json\/wp\/v2\/posts\/26959","targetHints":{"allow":["GET"]}}],"collection":[{"href":"https:\/\/radiosurfm.com\/web\/wp-json\/wp\/v2\/posts"}],"about":[{"href":"https:\/\/radiosurfm.com\/web\/wp-json\/wp\/v2\/types\/post"}],"author":[{"embeddable":true,"href":"https:\/\/radiosurfm.com\/web\/wp-json\/wp\/v2\/users\/2"}],"replies":[{"embeddable":true,"href":"https:\/\/radiosurfm.com\/web\/wp-json\/wp\/v2\/comments?post=26959"}],"version-history":[{"count":0,"href":"https:\/\/radiosurfm.com\/web\/wp-json\/wp\/v2\/posts\/26959\/revisions"}],"wp:featuredmedia":[{"embeddable":true,"href":"https:\/\/radiosurfm.com\/web\/wp-json\/wp\/v2\/media\/26960"}],"wp:attachment":[{"href":"https:\/\/radiosurfm.com\/web\/wp-json\/wp\/v2\/media?parent=26959"}],"wp:term":[{"taxonomy":"category","embeddable":true,"href":"https:\/\/radiosurfm.com\/web\/wp-json\/wp\/v2\/categories?post=26959"},{"taxonomy":"post_tag","embeddable":true,"href":"https:\/\/radiosurfm.com\/web\/wp-json\/wp\/v2\/tags?post=26959"}],"curies":[{"name":"wp","href":"https:\/\/api.w.org\/{rel}","templated":true}]}}