{"id":27004,"date":"2024-10-22T12:11:49","date_gmt":"2024-10-22T15:11:49","guid":{"rendered":"https:\/\/radiosurfm.com\/web\/?p=27004"},"modified":"2024-10-22T12:11:49","modified_gmt":"2024-10-22T15:11:49","slug":"el-festival-de-cine-de-goya-llega-a-corrientes-una-ventana-abierta-al-cine-independiente","status":"publish","type":"post","link":"https:\/\/radiosurfm.com\/web\/2024\/10\/22\/el-festival-de-cine-de-goya-llega-a-corrientes-una-ventana-abierta-al-cine-independiente\/","title":{"rendered":"El Festival de Cine de Goya llega a Corrientes: Una ventana abierta al cine independiente"},"content":{"rendered":"<div id=\"modalIntrotext\">\n<div>Este mi\u00e9rcoles 23 de octubre, de 19:00 a 21:00, el Festival de Cine de Goya se presentar\u00e1 en el Sal\u00f3n Azul del Centro Cultural Universitario (CCU) de la Universidad Nacional del Nordeste (UNNE), en el marco del ciclo &#8220;Ventana de Festivales&#8221;, organizado por el Taller &#8220;Cortograf\u00edas&#8221;. Esta actividad se llevar\u00e1 a cabo en la sede del CCU, ubicada en la calle C\u00f3rdoba 794, Corrientes Capital, y estar\u00e1 abierta a todo el p\u00fablico interesado en el cine independiente y la cultura audiovisual.<\/div>\n<div>Este encuentro es la oportunidad para conocer m\u00e1s sobre uno de los festivales de cine m\u00e1s recientes y din\u00e1micos de la regi\u00f3n, cuya primera edici\u00f3n en 2022 marc\u00f3 un hito al incorporar a Goya como un centro de promoci\u00f3n cultural y audiovisual. Desde sus inicios, el Festival de Cine de Goya ha tenido como objetivo no solo visibilizar el cine independiente, sino tambi\u00e9n poner en valor el patrimonio natural, arquitect\u00f3nico y cultural de la provincia de Corrientes.<\/p>\n<p>Con el apoyo de importantes festivales como el Lapacho (Chaco), Gu\u00e1caras (Corrientes) y el Festival de Cine Rural (Bella Vista), la participaci\u00f3n de producciones nacionales e internacionales y la incorporaci\u00f3n de talleres formativos para j\u00f3venes, el festival ha crecido exponencialmente desde su primera edici\u00f3n, promoviendo el empleo y el turismo en el interior provincial.<\/p>\n<p>La presentaci\u00f3n en Corrientes Capital busca acercar a los espectadores una muestra de lo que se vivir\u00e1 en la tercera edici\u00f3n del festival, a realizarse en Goya del 15 al 17 de noviembre de este a\u00f1o. La ventana al cine fomenta el desarrollo art\u00edstico y cultural de nuestra regi\u00f3n.<\/p><\/div>\n<\/div>\n","protected":false},"excerpt":{"rendered":"<p>Este mi\u00e9rcoles 23 de octubre, de 19:00 a 21:00, el Festival de Cine de Goya se presentar\u00e1 en el Sal\u00f3n Azul del Centro Cultural Universitario (CCU) de la Universidad Nacional del Nordeste (UNNE), en el marco del ciclo &#8220;Ventana de Festivales&#8221;, organizado por el Taller &#8220;Cortograf\u00edas&#8221;. Esta actividad se llevar\u00e1 a cabo en la sede [&hellip;]<\/p>\n","protected":false},"author":2,"featured_media":27005,"comment_status":"open","ping_status":"open","sticky":false,"template":"","format":"standard","meta":{"footnotes":""},"categories":[67,56],"tags":[],"class_list":["post-27004","post","type-post","status-publish","format-standard","has-post-thumbnail","hentry","category-cultura","category-locales"],"_links":{"self":[{"href":"https:\/\/radiosurfm.com\/web\/wp-json\/wp\/v2\/posts\/27004","targetHints":{"allow":["GET"]}}],"collection":[{"href":"https:\/\/radiosurfm.com\/web\/wp-json\/wp\/v2\/posts"}],"about":[{"href":"https:\/\/radiosurfm.com\/web\/wp-json\/wp\/v2\/types\/post"}],"author":[{"embeddable":true,"href":"https:\/\/radiosurfm.com\/web\/wp-json\/wp\/v2\/users\/2"}],"replies":[{"embeddable":true,"href":"https:\/\/radiosurfm.com\/web\/wp-json\/wp\/v2\/comments?post=27004"}],"version-history":[{"count":0,"href":"https:\/\/radiosurfm.com\/web\/wp-json\/wp\/v2\/posts\/27004\/revisions"}],"wp:featuredmedia":[{"embeddable":true,"href":"https:\/\/radiosurfm.com\/web\/wp-json\/wp\/v2\/media\/27005"}],"wp:attachment":[{"href":"https:\/\/radiosurfm.com\/web\/wp-json\/wp\/v2\/media?parent=27004"}],"wp:term":[{"taxonomy":"category","embeddable":true,"href":"https:\/\/radiosurfm.com\/web\/wp-json\/wp\/v2\/categories?post=27004"},{"taxonomy":"post_tag","embeddable":true,"href":"https:\/\/radiosurfm.com\/web\/wp-json\/wp\/v2\/tags?post=27004"}],"curies":[{"name":"wp","href":"https:\/\/api.w.org\/{rel}","templated":true}]}}