{"id":27130,"date":"2024-10-31T11:54:49","date_gmt":"2024-10-31T14:54:49","guid":{"rendered":"https:\/\/radiosurfm.com\/web\/?p=27130"},"modified":"2024-10-31T11:54:49","modified_gmt":"2024-10-31T14:54:49","slug":"quien-es-gerardo-werthein-el-nuevo-canciller-nombrado-por-javier-milei","status":"publish","type":"post","link":"https:\/\/radiosurfm.com\/web\/2024\/10\/31\/quien-es-gerardo-werthein-el-nuevo-canciller-nombrado-por-javier-milei\/","title":{"rendered":"Qui\u00e9n es Gerardo Werthein, el nuevo canciller nombrado por Javier Milei"},"content":{"rendered":"<p>El actual embajador argentino en Estados Unidos reemplazar\u00e1 a Diana Mondino, quien fue despedida de su cargo este mi\u00e9rcoles.<\/p>\n<div>Gerardo Werthein, quien hasta ahora era el embajador en Estados Unidos, ser\u00e1 el nuevo ministro de Relaciones Exteriores, Comercio Internacional y Culto de Argentina, seg\u00fan confirm\u00f3 el vocero presidencial Manuel Adorni. M\u00e1s temprano se anunci\u00f3 el despido de Diana Mondino, tras el voto a favor de Argentina a Cuba en una resoluci\u00f3n de la ONU en contra del embargo de Estados Unidos en detrimento la isla.<\/div>\n<div><\/div>\n<div>Si bien la gesti\u00f3n de Mondino estuvo marcado por diversos hechos pol\u00e9micos, la votaci\u00f3n en la ONU fue la gota que rebals\u00f3 el vaso para el Presidente, quien resolvi\u00f3 echarla.<\/div>\n<div><\/div>\n<div>La ahora ex canciller se suma a la larga lista de funcionarios que se han ido del gobierno de La Libertad Avanza, siendo cuatro los ministros que renunciaron. El primero fue el titular del extinto Ministerio de Infraestructura, Guillermo Ferraro. Despu\u00e9s fue el turno del primer jefe de Gabinete de Milei, Nicol\u00e1s Posse. Hace poco, renunci\u00f3 el titular de la cartera de Salud, Miguel Russo.<\/div>\n","protected":false},"excerpt":{"rendered":"<p>El actual embajador argentino en Estados Unidos reemplazar\u00e1 a Diana Mondino, quien fue despedida de su cargo este mi\u00e9rcoles. Gerardo Werthein, quien hasta ahora era el embajador en Estados Unidos, ser\u00e1 el nuevo ministro de Relaciones Exteriores, Comercio Internacional y Culto de Argentina, seg\u00fan confirm\u00f3 el vocero presidencial Manuel Adorni. M\u00e1s temprano se anunci\u00f3 el [&hellip;]<\/p>\n","protected":false},"author":2,"featured_media":27131,"comment_status":"open","ping_status":"open","sticky":false,"template":"","format":"standard","meta":{"footnotes":""},"categories":[64,66],"tags":[],"class_list":["post-27130","post","type-post","status-publish","format-standard","has-post-thumbnail","hentry","category-nacionales","category-politica-nacionales"],"_links":{"self":[{"href":"https:\/\/radiosurfm.com\/web\/wp-json\/wp\/v2\/posts\/27130","targetHints":{"allow":["GET"]}}],"collection":[{"href":"https:\/\/radiosurfm.com\/web\/wp-json\/wp\/v2\/posts"}],"about":[{"href":"https:\/\/radiosurfm.com\/web\/wp-json\/wp\/v2\/types\/post"}],"author":[{"embeddable":true,"href":"https:\/\/radiosurfm.com\/web\/wp-json\/wp\/v2\/users\/2"}],"replies":[{"embeddable":true,"href":"https:\/\/radiosurfm.com\/web\/wp-json\/wp\/v2\/comments?post=27130"}],"version-history":[{"count":0,"href":"https:\/\/radiosurfm.com\/web\/wp-json\/wp\/v2\/posts\/27130\/revisions"}],"wp:featuredmedia":[{"embeddable":true,"href":"https:\/\/radiosurfm.com\/web\/wp-json\/wp\/v2\/media\/27131"}],"wp:attachment":[{"href":"https:\/\/radiosurfm.com\/web\/wp-json\/wp\/v2\/media?parent=27130"}],"wp:term":[{"taxonomy":"category","embeddable":true,"href":"https:\/\/radiosurfm.com\/web\/wp-json\/wp\/v2\/categories?post=27130"},{"taxonomy":"post_tag","embeddable":true,"href":"https:\/\/radiosurfm.com\/web\/wp-json\/wp\/v2\/tags?post=27130"}],"curies":[{"name":"wp","href":"https:\/\/api.w.org\/{rel}","templated":true}]}}