{"id":27144,"date":"2024-10-31T12:19:30","date_gmt":"2024-10-31T15:19:30","guid":{"rendered":"https:\/\/radiosurfm.com\/web\/?p=27144"},"modified":"2024-10-31T12:19:30","modified_gmt":"2024-10-31T15:19:30","slug":"il-compagno-paolo-encendio-la-mecha-anti-milei-en-la-uia","status":"publish","type":"post","link":"https:\/\/radiosurfm.com\/web\/2024\/10\/31\/il-compagno-paolo-encendio-la-mecha-anti-milei-en-la-uia\/","title":{"rendered":"&#8220;Il compagno Paolo&#8221; encendi\u00f3 la mecha anti Milei en la UIA"},"content":{"rendered":"<p>Cuando nadie lo esperaba, la crisis de la industria nacional por el ajuste de Javier Milei qued\u00f3 expuesta en una posici\u00f3n radical de Paolo Rocca, el due\u00f1o de Techint, que hasta ahora ven\u00eda bancando el modelo libertario. Seriamente afectado por la apertura importadora a productos de China -su competidor hist\u00f3rico en el mundo- jug\u00f3 muy fuerte, pidi\u00f3 protecci\u00f3n del Estado y abri\u00f3 un debate amplio en la Uni\u00f3n Industrial Argentina (UIA), casa fabril que ven\u00eda con bronca larvada, precisamente, porque los grandes no agitaban el escenario.<b>\u00a0Tan de fondo fueron sus dichos que hasta el futuro presidente de la entidad se pleg\u00f3, en las \u00faltimas horas, con una nota cr\u00edtica a la pol\u00edtica industrial del Gobierno<\/b>. Y se filtraron videos de funcionarios estadounidenses, pa\u00eds que Milei toma como emblema, y resaltan el valor de las pol\u00edticas industriales.<\/p>\n<p>\u201cLa cancha no est\u00e1 equilibrada. Nuestra industria no logra competir con China. Hace falta que la pol\u00edtica de los Estados nos apoyen. La defensa contra la competencia desleal es esencial, sumado a la estabilidad en las reglas de juego, la reducci\u00f3n de la carga tributaria, un tipo de cambio que refleje la productividad de factores y no los flujos de capital de corto plazo\u201d, dijo Rocca en Alacero, el foro del sector acero que se celebr\u00f3 en el Hotel Hilton. Los que lo vieron desde la primera fila y charlaron con este diario se sorprendieron y, ante la consulta de este diario, jugaron picard\u00eda con la idea de que el l\u00edder de Techint &#8220;se habr\u00e1 acordado de sus a\u00f1os de defensa del empleo, cuando era de izquierda&#8221;.\u00a0<b>El dato no es muy conocido, pero en su juventud, en Italia, Rocca fue parte de &#8220;Lotta Continua&#8221;, una organizaci\u00f3n de izquierda que, en Sicilia, apoyaba todas las luchas obreras y ten\u00eda como m\u00e9todo de combate al capital el bloqueo de empresas, algo que ahora Paolo resiste<\/b>.<\/p>\n<div class=\"slot-available\"><\/div>\n<p>Seg\u00fan confiaron personas de su entorno a\u00a0<b>P\u00e1gina I12<\/b>, Rocca, que hoy est\u00e1 m\u00e1s dedicado al petr\u00f3leo que a la industria en terreno local, est\u00e1 preocupado por el impacto de la pol\u00edtica de Milei en la cadena de valor. Algo que le ven\u00edan advirtiendo las pymes que trabajan para Techint en la industria del acero. Naturalmente, adem\u00e1s de lo que pasa en el pa\u00eds, Paolo tiene plantas en Brasil y M\u00e9xico, por lo cual aplacar la intentona de ingreso de productos chinos es un lobby que hace en toda la regi\u00f3n.<\/p>\n<p>Por eso, en el congreso del sector fue a\u00fan m\u00e1s duro que lo habitual con Milei: dijo que\u00a0<b>si bien las importaciones \u201cayudan a controlar la inflaci\u00f3n, tienen un poder destructivo sobre la actividad industrial (&#8230;) falta completar la apertura del mercado cambiario para poder recibir inversiones masivas\u201d<\/b>. Asimismo, advirti\u00f3 que &#8220;las inversiones de los grupos locales eval\u00faan cuidadosamente todos estos factores, pero tambi\u00e9n el compromiso de los gobiernos de defender las actividades industriales. Necesitamos que hagan expl\u00edcito su apoyo. Esto ayudar\u00eda a atraer la inversi\u00f3n necesaria porque toda nuestra agenda requiere inversiones importantes que se pueden hacer s\u00f3lo si la rentabilidad lo permite\u201d.<\/p>\n<div class=\"slot-available\"><\/div>\n<p>En este contexto,<b>\u00a0en diferentes grupos de Whatsapp de industriales empez\u00f3 a agitarse la pol\u00e9mica<\/b>. Explicaron all\u00ed que China subsidia los productos que exporta, &#8220;porque protege su industria, el problema no es China, es Milei, que no protege la nuestra&#8221;. Por razones l\u00f3gicas, los precios de la tonelada de acero que China exporta se vende a 500 d\u00f3lares, mientras que a nivel local cuesta 1100 d\u00f3lares. Todos admiten que los locales le recargan un valor m\u00e1s caro porque hay pocos productores, pero la diferencia se sustenta en la protecci\u00f3n China, ante la an\u00e1rquica pol\u00edtica fabril que tiene Milei.<\/p>\n<h2>La onda expansiva sacudi\u00f3 a la UIA<\/h2>\n<p>En la UIA, el 80 por ciento son empresas pyme, pero el poder del discurso y la confrontaci\u00f3n selectiva con los gobiernos de turno se apoya en tres gigantes: Techint, Ledesma y Arcor.\u00a0<b>Por eso, la reacci\u00f3n de Rocca amplific\u00f3 lo que las pymes ven\u00edan diciendo, t\u00edmidamente y sin caja de resonancia<\/b>.<\/p>\n<p><b>Mart\u00edn Rappallini, el due\u00f1o de Cer\u00e1mica Alberdi y actual presidente de la Uni\u00f3n Industrial Bonaerense, ser\u00e1 el pr\u00f3ximo presidente de UIA sucediendo a Funes de Rioja. Hombre mesurado, apareci\u00f3 en las \u00faltimas horas con un art\u00edculo de alto voltaje pol\u00edtico en el diario La Naci\u00f3n.<\/b>\u00a0Intitulado &#8220;Por qu\u00e9 el mundo revaloriza la industria&#8221;<b>,\u00a0<\/b>se pliega a la l\u00ednea Rocca. &#8220;Tal como hizo Occidente, el Estado debe nivelar la cancha a la industria nacional, antes de que sea tarde. El tiempo es un factor clave en este proceso&#8221;, escribi\u00f3, y agreg\u00f3 que &#8220;es necesario y fundamental bajar la inflaci\u00f3n con una visi\u00f3n sist\u00e9mica del impacto en los sectores productivos.<strong>\u00a0<\/strong>No podemos sacrificar al sector transable, su producci\u00f3n, la generaci\u00f3n de empleo y el capital social que aporta a nuestro pa\u00eds&#8221;.<strong>\u00a0<\/strong><\/p>\n<p>A continuaci\u00f3n, asever\u00f3 que<b>\u00a0lo que se pide &#8220;no es protecci\u00f3n, es defensa, defensa del sector productivo ante un ataque<\/b>. Exigiendo la competencia pero d\u00e1ndole las posibilidades para hacerlo. Decir que Occidente vuelve a priorizar su industria es decir que entendi\u00f3 la importancia de tener sus cadenas de valor funcionando en origen&#8221;. Hasta no hace tanto, Rappalini aseguraba que el modelo Milei era un &#8220;cambio de paradigma&#8221; al que hab\u00eda que acomodarse, pero lo de Rocca movi\u00f3 la estructura.<\/p>\n<p>Otros de los popes de la entidad fabril comparti\u00e9ron videos de referentes estadounidenses pro industria. Tambi\u00e9n hubo una nota period\u00edstica intitulada &#8220;Blinken, \u00bfel socialista?, que desde el portal El Cohete a la Luna se pregunta si la posici\u00f3n del secretario de Estado de los Estados Unidos no va en contra de los postulados de Milei de apertura total de la econom\u00eda.<\/p>\n","protected":false},"excerpt":{"rendered":"<p>Cuando nadie lo esperaba, la crisis de la industria nacional por el ajuste de Javier Milei qued\u00f3 expuesta en una posici\u00f3n radical de Paolo Rocca, el due\u00f1o de Techint, que hasta ahora ven\u00eda bancando el modelo libertario. Seriamente afectado por la apertura importadora a productos de China -su competidor hist\u00f3rico en el mundo- jug\u00f3 muy [&hellip;]<\/p>\n","protected":false},"author":2,"featured_media":27145,"comment_status":"open","ping_status":"open","sticky":false,"template":"","format":"standard","meta":{"footnotes":""},"categories":[64,66],"tags":[],"class_list":["post-27144","post","type-post","status-publish","format-standard","has-post-thumbnail","hentry","category-nacionales","category-politica-nacionales"],"_links":{"self":[{"href":"https:\/\/radiosurfm.com\/web\/wp-json\/wp\/v2\/posts\/27144","targetHints":{"allow":["GET"]}}],"collection":[{"href":"https:\/\/radiosurfm.com\/web\/wp-json\/wp\/v2\/posts"}],"about":[{"href":"https:\/\/radiosurfm.com\/web\/wp-json\/wp\/v2\/types\/post"}],"author":[{"embeddable":true,"href":"https:\/\/radiosurfm.com\/web\/wp-json\/wp\/v2\/users\/2"}],"replies":[{"embeddable":true,"href":"https:\/\/radiosurfm.com\/web\/wp-json\/wp\/v2\/comments?post=27144"}],"version-history":[{"count":0,"href":"https:\/\/radiosurfm.com\/web\/wp-json\/wp\/v2\/posts\/27144\/revisions"}],"wp:featuredmedia":[{"embeddable":true,"href":"https:\/\/radiosurfm.com\/web\/wp-json\/wp\/v2\/media\/27145"}],"wp:attachment":[{"href":"https:\/\/radiosurfm.com\/web\/wp-json\/wp\/v2\/media?parent=27144"}],"wp:term":[{"taxonomy":"category","embeddable":true,"href":"https:\/\/radiosurfm.com\/web\/wp-json\/wp\/v2\/categories?post=27144"},{"taxonomy":"post_tag","embeddable":true,"href":"https:\/\/radiosurfm.com\/web\/wp-json\/wp\/v2\/tags?post=27144"}],"curies":[{"name":"wp","href":"https:\/\/api.w.org\/{rel}","templated":true}]}}