{"id":27288,"date":"2024-11-06T13:12:03","date_gmt":"2024-11-06T16:12:03","guid":{"rendered":"https:\/\/radiosurfm.com\/web\/?p=27288"},"modified":"2024-11-06T13:12:03","modified_gmt":"2024-11-06T16:12:03","slug":"paraje-buena-vista-encontraron-a-una-persona-fallecida-al-costado-de-la-ruta","status":"publish","type":"post","link":"https:\/\/radiosurfm.com\/web\/2024\/11\/06\/paraje-buena-vista-encontraron-a-una-persona-fallecida-al-costado-de-la-ruta\/","title":{"rendered":"Paraje Buena Vista: Encontraron a una persona fallecida al costado de la ruta"},"content":{"rendered":"<p>En la noche del martes, un hombre cuyo apellido ser\u00eda Medina, de aproximadamente 70 a\u00f1os de edad, fue encontrado sin vida en un costado de la Ruta Nacional 12, a la altura del kil\u00f3metro 759, en cercan\u00edas del Paraje Buena Vista. La justicia inici\u00f3 la causa para investigar la causa de la muerte y se constituyeron en el lugar del suceso personal de la comisar\u00eda distrito primera de Goya con intervenci\u00f3n del fiscal de turno doctor Francisco Arrue.<\/p>\n<p>La Polic\u00eda mediante una comunicaci\u00f3n realizada el Sistema 911, en la medianoche del martes, tom\u00f3 conocimientos del hallazgo de un cuerpo sobre la banquina de la ruta 12 a la altura del Paraje Buena Vista.<\/p>\n<p>R\u00e1pidamente se iniciaron las actuaciones sumariales de rigor, con peritos de la Unidad Regional II\u00b0 y la presencia del m\u00e9dico de polic\u00eda doctor Marcelo Rojas, quienes en el lugar del hecho constataron el hallazgo de una persona fallecida del sexo masculino de aproximadamente 70 a\u00f1os de edad.<\/p>\n<p>La justicia inicio la investigaci\u00f3n del suceso que enluta a una conocida familia de esa zona.<\/p>\n","protected":false},"excerpt":{"rendered":"<p>En la noche del martes, un hombre cuyo apellido ser\u00eda Medina, de aproximadamente 70 a\u00f1os de edad, fue encontrado sin vida en un costado de la Ruta Nacional 12, a la altura del kil\u00f3metro 759, en cercan\u00edas del Paraje Buena Vista. La justicia inici\u00f3 la causa para investigar la causa de la muerte y se [&hellip;]<\/p>\n","protected":false},"author":2,"featured_media":24864,"comment_status":"open","ping_status":"open","sticky":false,"template":"","format":"standard","meta":{"footnotes":""},"categories":[56,68],"tags":[],"class_list":["post-27288","post","type-post","status-publish","format-standard","has-post-thumbnail","hentry","category-locales","category-policiales-nacionales"],"_links":{"self":[{"href":"https:\/\/radiosurfm.com\/web\/wp-json\/wp\/v2\/posts\/27288","targetHints":{"allow":["GET"]}}],"collection":[{"href":"https:\/\/radiosurfm.com\/web\/wp-json\/wp\/v2\/posts"}],"about":[{"href":"https:\/\/radiosurfm.com\/web\/wp-json\/wp\/v2\/types\/post"}],"author":[{"embeddable":true,"href":"https:\/\/radiosurfm.com\/web\/wp-json\/wp\/v2\/users\/2"}],"replies":[{"embeddable":true,"href":"https:\/\/radiosurfm.com\/web\/wp-json\/wp\/v2\/comments?post=27288"}],"version-history":[{"count":0,"href":"https:\/\/radiosurfm.com\/web\/wp-json\/wp\/v2\/posts\/27288\/revisions"}],"wp:featuredmedia":[{"embeddable":true,"href":"https:\/\/radiosurfm.com\/web\/wp-json\/wp\/v2\/media\/24864"}],"wp:attachment":[{"href":"https:\/\/radiosurfm.com\/web\/wp-json\/wp\/v2\/media?parent=27288"}],"wp:term":[{"taxonomy":"category","embeddable":true,"href":"https:\/\/radiosurfm.com\/web\/wp-json\/wp\/v2\/categories?post=27288"},{"taxonomy":"post_tag","embeddable":true,"href":"https:\/\/radiosurfm.com\/web\/wp-json\/wp\/v2\/tags?post=27288"}],"curies":[{"name":"wp","href":"https:\/\/api.w.org\/{rel}","templated":true}]}}