{"id":27314,"date":"2024-11-08T13:08:00","date_gmt":"2024-11-08T16:08:00","guid":{"rendered":"https:\/\/radiosurfm.com\/web\/?p=27314"},"modified":"2024-11-08T13:08:00","modified_gmt":"2024-11-08T16:08:00","slug":"javier-milei-de-aqui-en-adelante-todos-los-dias-estaremos-mejor-en-vez-de-ser-cada-dia-mas-pobres-seremos-cada-dia-mas-ricos","status":"publish","type":"post","link":"https:\/\/radiosurfm.com\/web\/2024\/11\/08\/javier-milei-de-aqui-en-adelante-todos-los-dias-estaremos-mejor-en-vez-de-ser-cada-dia-mas-pobres-seremos-cada-dia-mas-ricos\/","title":{"rendered":"Javier Milei: &#8220;De aqu\u00ed en adelante, todos los d\u00edas estaremos mejor, en vez de ser cada d\u00eda m\u00e1s pobres, seremos cada d\u00eda m\u00e1s ricos&#8221;"},"content":{"rendered":"<p>El Presidente particip\u00f3 de la celebraci\u00f3n de los 100 a\u00f1os de la C\u00e1mara Argentina de Comercio (CAC). En ese \u00e1mbito, el mandatario nacional sostuvo que no presta atenci\u00f3n a la imagen de las encuestas, aunque subray\u00f3 que la suya est\u00e1 igual &#8220;que antes de llegar al poder&#8221; porque su modelo &#8220;funciona&#8221;.<\/p>\n<p>El presidente Javier Milei agradeci\u00f3 a los argentinos &#8220;por el inmenso esfuerzo que han hecho este a\u00f1o&#8221;, y asegur\u00f3 que &#8220;de aqu\u00ed en adelante&#8221; el pa\u00eds ser\u00e1 &#8220;cada vez m\u00e1s rico&#8221;.<\/p>\n<p>&#8220;De aqu\u00ed en adelante, todos los d\u00edas estaremos mejor, en vez de ser cada d\u00eda m\u00e1s pobres, seremos cada d\u00eda m\u00e1s ricos&#8221;, destac\u00f3 Milei al participar de la celebraci\u00f3n de los 100 a\u00f1os de la C\u00e1mara Argentina de Comercio (CAC).<\/p>\n<p>El jefe de Estado destac\u00f3 las medidas llevadas adelante por su gobierno y sostuvo que &#8220;si bien el esfuerzo todav\u00eda no termin\u00f3&#8221;, la &#8220;recesi\u00f3n&#8221; ya pas\u00f3.<\/p>\n<p>&#8220;Algunos sectores est\u00e1n sintiendo las mejoras, pronto \u00e9sta percepci\u00f3n de muchos ser\u00e1 una realidad de todos. El programa funcion\u00f3, pese a que les moleste a los econochantas&#8221;, resalt\u00f3 Milei.<\/p>\n<p>El mandatario nacional sostuvo que no presta atenci\u00f3n a la imagen de las encuestas, aunque subray\u00f3 que la suya est\u00e1 igual &#8220;que antes de llegar al poder&#8221; porque su modelo &#8220;funciona&#8221;.<\/p>\n<p>&#8220;Para m\u00ed, ser Presidente es un trabajo m\u00e1s. No me importa lo que digan las encuestas. Todos (los presidentes argentinos) terminaron con imagen horrible y, adem\u00e1s, nos arruinaron a 46 millones de argentinos. Bueno, si voy a terminar con mala imagen, prefiero hacer las cosas que corresponden&#8221;, enfatiz\u00f3.<\/p>\n<p>Milei se\u00f1al\u00f3: &#8220;Hace 10 meses que venimos haciendo el ajuste y la imagen no cae. Baj\u00f3, pero hoy ya tenemos la imagen de antes de que lleg\u00e1ramos al poder \u00bfSe dan cuenta de que funciona?&#8221;.<\/p>\n<p>En ese pasaje de su discurso, record\u00f3 una conversaci\u00f3n que tuvo con el ex presidente Alberto Fern\u00e1ndez cuando fue por primera vez a la Quinta de Olivos tras ganar las elecciones del a\u00f1o pasado.<\/p>\n<p>&#8220;Me mostraba las instalaciones y en un momento Alberto me dice que se sent\u00eda como un rematador mostr\u00e1ndole la nueva casa al due\u00f1o de la casa y yo le dije: \u00b4No, no soy el nuevo nuevo due\u00f1o, soy el nuevo inquilino, con cuatro a\u00f1os y opci\u00f3n a ocho\u00b4&#8221;, asegur\u00f3 Milei.<\/p>\n<p>&#8220;Si el poder no sirve para arreglarle el problema a la agente, no sirve para nada. Hay que hacer lo que se tiene que hacer, si hay que pagar costos se paga&#8221;, expres\u00f3 el Presidente.<\/p>\n","protected":false},"excerpt":{"rendered":"<p>El Presidente particip\u00f3 de la celebraci\u00f3n de los 100 a\u00f1os de la C\u00e1mara Argentina de Comercio (CAC). En ese \u00e1mbito, el mandatario nacional sostuvo que no presta atenci\u00f3n a la imagen de las encuestas, aunque subray\u00f3 que la suya est\u00e1 igual &#8220;que antes de llegar al poder&#8221; porque su modelo &#8220;funciona&#8221;. El presidente Javier Milei [&hellip;]<\/p>\n","protected":false},"author":2,"featured_media":26199,"comment_status":"open","ping_status":"open","sticky":false,"template":"","format":"standard","meta":{"footnotes":""},"categories":[64],"tags":[],"class_list":["post-27314","post","type-post","status-publish","format-standard","has-post-thumbnail","hentry","category-nacionales"],"_links":{"self":[{"href":"https:\/\/radiosurfm.com\/web\/wp-json\/wp\/v2\/posts\/27314","targetHints":{"allow":["GET"]}}],"collection":[{"href":"https:\/\/radiosurfm.com\/web\/wp-json\/wp\/v2\/posts"}],"about":[{"href":"https:\/\/radiosurfm.com\/web\/wp-json\/wp\/v2\/types\/post"}],"author":[{"embeddable":true,"href":"https:\/\/radiosurfm.com\/web\/wp-json\/wp\/v2\/users\/2"}],"replies":[{"embeddable":true,"href":"https:\/\/radiosurfm.com\/web\/wp-json\/wp\/v2\/comments?post=27314"}],"version-history":[{"count":0,"href":"https:\/\/radiosurfm.com\/web\/wp-json\/wp\/v2\/posts\/27314\/revisions"}],"wp:featuredmedia":[{"embeddable":true,"href":"https:\/\/radiosurfm.com\/web\/wp-json\/wp\/v2\/media\/26199"}],"wp:attachment":[{"href":"https:\/\/radiosurfm.com\/web\/wp-json\/wp\/v2\/media?parent=27314"}],"wp:term":[{"taxonomy":"category","embeddable":true,"href":"https:\/\/radiosurfm.com\/web\/wp-json\/wp\/v2\/categories?post=27314"},{"taxonomy":"post_tag","embeddable":true,"href":"https:\/\/radiosurfm.com\/web\/wp-json\/wp\/v2\/tags?post=27314"}],"curies":[{"name":"wp","href":"https:\/\/api.w.org\/{rel}","templated":true}]}}