{"id":27340,"date":"2024-11-08T14:27:39","date_gmt":"2024-11-08T17:27:39","guid":{"rendered":"https:\/\/radiosurfm.com\/web\/?p=27340"},"modified":"2024-11-08T14:27:39","modified_gmt":"2024-11-08T17:27:39","slug":"caso-loan-una-perito-en-el-ojo-de-la-justicia","status":"publish","type":"post","link":"https:\/\/radiosurfm.com\/web\/2024\/11\/08\/caso-loan-una-perito-en-el-ojo-de-la-justicia\/","title":{"rendered":"Caso Loan: una perito, en el ojo de la Justicia"},"content":{"rendered":"<p>Una mujer que lleg\u00f3 a la localidad de 9 de Julio como perito para trabajar los primeros d\u00edas en el caso Loan, est\u00e1 en el ojo de la Justicia Federal. Se trata de Mar\u00eda Luisa Lezcano quien present\u00f3 estudios grafol\u00f3gicos de los imputados y esta semana declar\u00f3 ante la Justicia tras lo cual ordenaron allanar su casa en Colonia Las Rosas, Tunuy\u00e1n (Mendoza) con la orden expresa de secuestrar su celular.<br \/>\nAdem\u00e1s, en otro antecedente tuvo una causa en Neuqu\u00e9n por hacerse pasar por militar, ya que fue demorada con uniforme del Ej\u00e9rcito, sobre la Ruta Provincial 14 en el cruce con Podest\u00e1.<br \/>\nSobre su arribo a 9 de Julio dijo que fue contratada por el excomisario Walter Maciel detenido e imputado por la desaparici\u00f3n del ni\u00f1o de 5 a\u00f1os. Sospechan que ser\u00eda una mujer mit\u00f3mana.<\/p>\n","protected":false},"excerpt":{"rendered":"<p>Una mujer que lleg\u00f3 a la localidad de 9 de Julio como perito para trabajar los primeros d\u00edas en el caso Loan, est\u00e1 en el ojo de la Justicia Federal. Se trata de Mar\u00eda Luisa Lezcano quien present\u00f3 estudios grafol\u00f3gicos de los imputados y esta semana declar\u00f3 ante la Justicia tras lo cual ordenaron allanar [&hellip;]<\/p>\n","protected":false},"author":2,"featured_media":27341,"comment_status":"open","ping_status":"open","sticky":false,"template":"","format":"standard","meta":{"footnotes":""},"categories":[68,72],"tags":[],"class_list":["post-27340","post","type-post","status-publish","format-standard","has-post-thumbnail","hentry","category-policiales-nacionales","category-provinciales"],"_links":{"self":[{"href":"https:\/\/radiosurfm.com\/web\/wp-json\/wp\/v2\/posts\/27340","targetHints":{"allow":["GET"]}}],"collection":[{"href":"https:\/\/radiosurfm.com\/web\/wp-json\/wp\/v2\/posts"}],"about":[{"href":"https:\/\/radiosurfm.com\/web\/wp-json\/wp\/v2\/types\/post"}],"author":[{"embeddable":true,"href":"https:\/\/radiosurfm.com\/web\/wp-json\/wp\/v2\/users\/2"}],"replies":[{"embeddable":true,"href":"https:\/\/radiosurfm.com\/web\/wp-json\/wp\/v2\/comments?post=27340"}],"version-history":[{"count":0,"href":"https:\/\/radiosurfm.com\/web\/wp-json\/wp\/v2\/posts\/27340\/revisions"}],"wp:featuredmedia":[{"embeddable":true,"href":"https:\/\/radiosurfm.com\/web\/wp-json\/wp\/v2\/media\/27341"}],"wp:attachment":[{"href":"https:\/\/radiosurfm.com\/web\/wp-json\/wp\/v2\/media?parent=27340"}],"wp:term":[{"taxonomy":"category","embeddable":true,"href":"https:\/\/radiosurfm.com\/web\/wp-json\/wp\/v2\/categories?post=27340"},{"taxonomy":"post_tag","embeddable":true,"href":"https:\/\/radiosurfm.com\/web\/wp-json\/wp\/v2\/tags?post=27340"}],"curies":[{"name":"wp","href":"https:\/\/api.w.org\/{rel}","templated":true}]}}