{"id":27449,"date":"2024-11-13T13:15:50","date_gmt":"2024-11-13T16:15:50","guid":{"rendered":"https:\/\/radiosurfm.com\/web\/?p=27449"},"modified":"2024-11-13T13:15:50","modified_gmt":"2024-11-13T16:15:50","slug":"una-voz-en-el-telefono-milei-logro-que-trump-lo-atendiera","status":"publish","type":"post","link":"https:\/\/radiosurfm.com\/web\/2024\/11\/13\/una-voz-en-el-telefono-milei-logro-que-trump-lo-atendiera\/","title":{"rendered":"Una voz en el tel\u00e9fono: Milei logr\u00f3 que Trump lo atendiera"},"content":{"rendered":"<p>Despu\u00e9s de casi una semana de las elecciones en Estados Unidos, el presidente\u00a0<b>Javier Milei\u00a0<\/b>mantuvo este martes una charla telef\u00f3nica con el mandatario electo,\u00a0<b>Donald Trump<\/b>. Milei lo felicit\u00f3 por su reciente triunfo en electoral y, seg\u00fan public\u00f3 la Casa Rosada, el magnate republicano le dijo que es su\u00a0<b>&#8220;presidente favorito&#8221;<\/b>.<\/p>\n<p>La charla dur\u00f3 unos diez minutos.\u00a0<b>Milei llam\u00f3 desde su despacho en la Casa Rosada<\/b>, adonde lleg\u00f3 a media ma\u00f1ana tras su discurso en el Palacio Libertad en un acto de la Meta Day en Argentina.<\/p>\n<p>Poco despu\u00e9s, el portavoz presidencial, Manuel Adorni, public\u00f3 en las redes sociales que Milei\u00a0<b>&#8220;mantuvo una conversaci\u00f3n telef\u00f3nica con el presidente electo de los Estados Unidos Donald Trump&#8221;<\/b>. En otro mensaje agreg\u00f3: &#8220;Trump al Presidente Javier Milei: &#8216;Usted es mi presidente favorito'&#8221;.<\/p>\n<p>La comunicaci\u00f3n se produjo en l<b>a previa del viaje que Milei har\u00e1 al estado de Florida para verse personalmente con Trump<\/b>, y una semana despu\u00e9s de la victoria electoral que volver\u00e1 a poner al l\u00edder republicano en la Casa Blanca, tras haber gobernado entre 2017 y 2021.<\/p>\n<p>Se esperaba alg\u00fan tipo de contacto antes del viaje del libertario a los Estados Unidos,\u00a0<b>donde participar\u00e1 de la Conferencia de Acci\u00f3n Pol\u00edtica Conservadora (CPAC)<\/b>, la cumbre que organiza la Uni\u00f3n Conservadora Estadounidense (ACU).<\/p>\n","protected":false},"excerpt":{"rendered":"<p>Despu\u00e9s de casi una semana de las elecciones en Estados Unidos, el presidente\u00a0Javier Milei\u00a0mantuvo este martes una charla telef\u00f3nica con el mandatario electo,\u00a0Donald Trump. Milei lo felicit\u00f3 por su reciente triunfo en electoral y, seg\u00fan public\u00f3 la Casa Rosada, el magnate republicano le dijo que es su\u00a0&#8220;presidente favorito&#8221;. La charla dur\u00f3 unos diez minutos.\u00a0Milei llam\u00f3 [&hellip;]<\/p>\n","protected":false},"author":2,"featured_media":27450,"comment_status":"open","ping_status":"open","sticky":false,"template":"","format":"standard","meta":{"footnotes":""},"categories":[70,64],"tags":[],"class_list":["post-27449","post","type-post","status-publish","format-standard","has-post-thumbnail","hentry","category-mundo","category-nacionales"],"_links":{"self":[{"href":"https:\/\/radiosurfm.com\/web\/wp-json\/wp\/v2\/posts\/27449","targetHints":{"allow":["GET"]}}],"collection":[{"href":"https:\/\/radiosurfm.com\/web\/wp-json\/wp\/v2\/posts"}],"about":[{"href":"https:\/\/radiosurfm.com\/web\/wp-json\/wp\/v2\/types\/post"}],"author":[{"embeddable":true,"href":"https:\/\/radiosurfm.com\/web\/wp-json\/wp\/v2\/users\/2"}],"replies":[{"embeddable":true,"href":"https:\/\/radiosurfm.com\/web\/wp-json\/wp\/v2\/comments?post=27449"}],"version-history":[{"count":0,"href":"https:\/\/radiosurfm.com\/web\/wp-json\/wp\/v2\/posts\/27449\/revisions"}],"wp:featuredmedia":[{"embeddable":true,"href":"https:\/\/radiosurfm.com\/web\/wp-json\/wp\/v2\/media\/27450"}],"wp:attachment":[{"href":"https:\/\/radiosurfm.com\/web\/wp-json\/wp\/v2\/media?parent=27449"}],"wp:term":[{"taxonomy":"category","embeddable":true,"href":"https:\/\/radiosurfm.com\/web\/wp-json\/wp\/v2\/categories?post=27449"},{"taxonomy":"post_tag","embeddable":true,"href":"https:\/\/radiosurfm.com\/web\/wp-json\/wp\/v2\/tags?post=27449"}],"curies":[{"name":"wp","href":"https:\/\/api.w.org\/{rel}","templated":true}]}}