{"id":27630,"date":"2024-11-21T15:22:59","date_gmt":"2024-11-21T18:22:59","guid":{"rendered":"https:\/\/radiosurfm.com\/web\/?p=27630"},"modified":"2024-11-21T15:22:59","modified_gmt":"2024-11-21T18:22:59","slug":"caso-bartlett-investigan-si-lavaron-el-patrullero-y-secuestraron-las-camaras-de-la-zona","status":"publish","type":"post","link":"https:\/\/radiosurfm.com\/web\/2024\/11\/21\/caso-bartlett-investigan-si-lavaron-el-patrullero-y-secuestraron-las-camaras-de-la-zona\/","title":{"rendered":"CASO BARTLETT: Investigan si lavaron el patrullero y secuestraron las c\u00e1maras de la zona"},"content":{"rendered":"<p>A\u00fan sigue la conmoci\u00f3n social en Goya por el deplorable accionar de algunos polic\u00edas en el intento de reducir a Andr\u00e9s Bartlett, un joven que sufri\u00f3 un brote psic\u00f3tico y estaba armado con dos armas blancas.<\/p>\n<p>Seg\u00fan informaci\u00f3n judicial a\u00fan no oficial, algunos puntos son muy oscuros y no hacen m\u00e1s que aumentar el grado de responsabilidad de los al menos hasta ahora dos efectivos policiales.<\/p>\n<p>Un dato concreto es que el patrullero con el que chocaron en m\u00e1s de una oportunidad a Andr\u00e9s fue lavado en la Comisar\u00eda Primera de Goya, con la obvia intenci\u00f3n de descartar pruebas. La propia fiscal Mar\u00eda Eugenia Ballar\u00e1 reconoci\u00f3 que en persona lleg\u00f3 a la sede policial para secuestrar el veh\u00edculo.<\/p>\n<p>Adem\u00e1s, horas despu\u00e9s del fat\u00eddico procedimiento realizado en el barrio Francisco Palau de la segunda ciudad provincial, integrantes de la Polic\u00eda se encargaron de secuestrar (por su cuenta, sin el aval judicial) las c\u00e1maras de la zona.<\/p>\n<p>Y aunque \u00e9ste \u00faltimo accionar pretendi\u00f3 evitar la viralizaci\u00f3n de los videos donde qued\u00f3 probado todo, la doctora Ballar\u00e1 recibi\u00f3 los mismos de particulares. La funcionaria judicial reconoci\u00f3 hoy en di\u00e1logo con Radio Dos que al observar el material f\u00edlmico qued\u00f3 &#8220;shockeada&#8221;.<\/p>\n<p>Todo lo ocurrid\u00f3 origin\u00f3 que la Fiscal decida r\u00e1pidamente separar a la fuerza provincial de la investigaci\u00f3n.<\/p>\n","protected":false},"excerpt":{"rendered":"<p>A\u00fan sigue la conmoci\u00f3n social en Goya por el deplorable accionar de algunos polic\u00edas en el intento de reducir a Andr\u00e9s Bartlett, un joven que sufri\u00f3 un brote psic\u00f3tico y estaba armado con dos armas blancas. Seg\u00fan informaci\u00f3n judicial a\u00fan no oficial, algunos puntos son muy oscuros y no hacen m\u00e1s que aumentar el grado [&hellip;]<\/p>\n","protected":false},"author":2,"featured_media":27631,"comment_status":"open","ping_status":"open","sticky":false,"template":"","format":"standard","meta":{"footnotes":""},"categories":[56,68],"tags":[],"class_list":["post-27630","post","type-post","status-publish","format-standard","has-post-thumbnail","hentry","category-locales","category-policiales-nacionales"],"_links":{"self":[{"href":"https:\/\/radiosurfm.com\/web\/wp-json\/wp\/v2\/posts\/27630","targetHints":{"allow":["GET"]}}],"collection":[{"href":"https:\/\/radiosurfm.com\/web\/wp-json\/wp\/v2\/posts"}],"about":[{"href":"https:\/\/radiosurfm.com\/web\/wp-json\/wp\/v2\/types\/post"}],"author":[{"embeddable":true,"href":"https:\/\/radiosurfm.com\/web\/wp-json\/wp\/v2\/users\/2"}],"replies":[{"embeddable":true,"href":"https:\/\/radiosurfm.com\/web\/wp-json\/wp\/v2\/comments?post=27630"}],"version-history":[{"count":0,"href":"https:\/\/radiosurfm.com\/web\/wp-json\/wp\/v2\/posts\/27630\/revisions"}],"wp:featuredmedia":[{"embeddable":true,"href":"https:\/\/radiosurfm.com\/web\/wp-json\/wp\/v2\/media\/27631"}],"wp:attachment":[{"href":"https:\/\/radiosurfm.com\/web\/wp-json\/wp\/v2\/media?parent=27630"}],"wp:term":[{"taxonomy":"category","embeddable":true,"href":"https:\/\/radiosurfm.com\/web\/wp-json\/wp\/v2\/categories?post=27630"},{"taxonomy":"post_tag","embeddable":true,"href":"https:\/\/radiosurfm.com\/web\/wp-json\/wp\/v2\/tags?post=27630"}],"curies":[{"name":"wp","href":"https:\/\/api.w.org\/{rel}","templated":true}]}}