{"id":27669,"date":"2024-11-22T16:22:19","date_gmt":"2024-11-22T19:22:19","guid":{"rendered":"https:\/\/radiosurfm.com\/web\/?p=27669"},"modified":"2024-11-22T16:22:19","modified_gmt":"2024-11-22T19:22:19","slug":"cronograma-de-pagos-sueldos-mes-de-noviembre-para-estatales-provinciales","status":"publish","type":"post","link":"https:\/\/radiosurfm.com\/web\/2024\/11\/22\/cronograma-de-pagos-sueldos-mes-de-noviembre-para-estatales-provinciales\/","title":{"rendered":"Cronograma de pagos sueldos mes de noviembre para estatales provinciales"},"content":{"rendered":"<p>El mandatario provincial inform\u00f3 que la liquidaci\u00f3n comienza este lunes 25, d\u00eda que percibir\u00e1n los agentes activos, jubilados y pensionados con Documento Nacional de Identidad con n\u00fameros terminados en 0 y 1.<\/p>\n<p>Este tramo estar\u00e1 disponible desde este s\u00e1bado 23, a trav\u00e9s de los cajeros habilitados por el Banco de Corrientes SA.<\/p>\n<p>El martes 26 ser\u00e1 el turno de los agentes con DNI finalizados en 2 y 3; el mi\u00e9rcoles 27, percibir\u00e1n aquellos con documentos terminados en 4 y 5.<\/p>\n<p>El cronograma de pago del sueldo de noviembre continuar\u00e1 el jueves 28, jornada que cobrar\u00e1n los agentes con documentos terminados en 6 y 7. El viernes 29, los n\u00fameros 8 y 9, finalizando las liquidaciones de haberes.<\/p>\n","protected":false},"excerpt":{"rendered":"<p>El mandatario provincial inform\u00f3 que la liquidaci\u00f3n comienza este lunes 25, d\u00eda que percibir\u00e1n los agentes activos, jubilados y pensionados con Documento Nacional de Identidad con n\u00fameros terminados en 0 y 1. Este tramo estar\u00e1 disponible desde este s\u00e1bado 23, a trav\u00e9s de los cajeros habilitados por el Banco de Corrientes SA. El martes 26 [&hellip;]<\/p>\n","protected":false},"author":2,"featured_media":21788,"comment_status":"open","ping_status":"open","sticky":false,"template":"","format":"standard","meta":{"footnotes":""},"categories":[65,72],"tags":[],"class_list":["post-27669","post","type-post","status-publish","format-standard","has-post-thumbnail","hentry","category-economia","category-provinciales"],"_links":{"self":[{"href":"https:\/\/radiosurfm.com\/web\/wp-json\/wp\/v2\/posts\/27669","targetHints":{"allow":["GET"]}}],"collection":[{"href":"https:\/\/radiosurfm.com\/web\/wp-json\/wp\/v2\/posts"}],"about":[{"href":"https:\/\/radiosurfm.com\/web\/wp-json\/wp\/v2\/types\/post"}],"author":[{"embeddable":true,"href":"https:\/\/radiosurfm.com\/web\/wp-json\/wp\/v2\/users\/2"}],"replies":[{"embeddable":true,"href":"https:\/\/radiosurfm.com\/web\/wp-json\/wp\/v2\/comments?post=27669"}],"version-history":[{"count":0,"href":"https:\/\/radiosurfm.com\/web\/wp-json\/wp\/v2\/posts\/27669\/revisions"}],"wp:featuredmedia":[{"embeddable":true,"href":"https:\/\/radiosurfm.com\/web\/wp-json\/wp\/v2\/media\/21788"}],"wp:attachment":[{"href":"https:\/\/radiosurfm.com\/web\/wp-json\/wp\/v2\/media?parent=27669"}],"wp:term":[{"taxonomy":"category","embeddable":true,"href":"https:\/\/radiosurfm.com\/web\/wp-json\/wp\/v2\/categories?post=27669"},{"taxonomy":"post_tag","embeddable":true,"href":"https:\/\/radiosurfm.com\/web\/wp-json\/wp\/v2\/tags?post=27669"}],"curies":[{"name":"wp","href":"https:\/\/api.w.org\/{rel}","templated":true}]}}