{"id":27697,"date":"2024-11-25T12:58:26","date_gmt":"2024-11-25T15:58:26","guid":{"rendered":"https:\/\/radiosurfm.com\/web\/?p=27697"},"modified":"2024-11-25T12:58:26","modified_gmt":"2024-11-25T15:58:26","slug":"accidente-en-lavalle-un-motociclista-colisiono-con-un-automovil-en-ruta-27","status":"publish","type":"post","link":"https:\/\/radiosurfm.com\/web\/2024\/11\/25\/accidente-en-lavalle-un-motociclista-colisiono-con-un-automovil-en-ruta-27\/","title":{"rendered":"ACCIDENTE EN LAVALLE: Un motociclista colision\u00f3 con un autom\u00f3vil en Ruta 27"},"content":{"rendered":"<p>Un hombre identificado como Enrique Ram\u00f3n Orue, con domicilio en Santa Luc\u00eda, se encuentra internado en el Hospital Regional \u201cCamilo Muniagurria\u201d, como consecuencia de haber protagonizado un accidente de tr\u00e1nsito, al colisionar la motocicleta que conduc\u00eda con un autom\u00f3vil. El siniestro vial se registr\u00f3 minutos despu\u00e9s de las 6.30 de este lunes, por Ruta Provincial 27 en la localidad de Lavalle.<\/p>\n<p>Personal de la comisar\u00eda distrito Lavalle, se encuentra abocada a la investigaci\u00f3n del suceso que se registr\u00f3 en el amanecer de este lunes.<br \/>\nEl accidentado r\u00e1pidamente fue asistido por personal de salud y Bomberos Voluntarios de Lavalle y minutos despu\u00e9s se determin\u00f3 el inmediato traslado al Hospital Regional de Goya.<\/p>\n<p>Trabajaron en el lugar del suceso peritos de la Unidad Regional II\u00b0 y trascendi\u00f3 que en el nosocomio goyano se encuentra en observaci\u00f3n, por lo que se presume, que las lesiones no ser\u00edan de gravedad.<\/p>\n","protected":false},"excerpt":{"rendered":"<p>Un hombre identificado como Enrique Ram\u00f3n Orue, con domicilio en Santa Luc\u00eda, se encuentra internado en el Hospital Regional \u201cCamilo Muniagurria\u201d, como consecuencia de haber protagonizado un accidente de tr\u00e1nsito, al colisionar la motocicleta que conduc\u00eda con un autom\u00f3vil. El siniestro vial se registr\u00f3 minutos despu\u00e9s de las 6.30 de este lunes, por Ruta Provincial [&hellip;]<\/p>\n","protected":false},"author":2,"featured_media":27698,"comment_status":"open","ping_status":"open","sticky":false,"template":"","format":"standard","meta":{"footnotes":""},"categories":[56,68],"tags":[],"class_list":["post-27697","post","type-post","status-publish","format-standard","has-post-thumbnail","hentry","category-locales","category-policiales-nacionales"],"_links":{"self":[{"href":"https:\/\/radiosurfm.com\/web\/wp-json\/wp\/v2\/posts\/27697","targetHints":{"allow":["GET"]}}],"collection":[{"href":"https:\/\/radiosurfm.com\/web\/wp-json\/wp\/v2\/posts"}],"about":[{"href":"https:\/\/radiosurfm.com\/web\/wp-json\/wp\/v2\/types\/post"}],"author":[{"embeddable":true,"href":"https:\/\/radiosurfm.com\/web\/wp-json\/wp\/v2\/users\/2"}],"replies":[{"embeddable":true,"href":"https:\/\/radiosurfm.com\/web\/wp-json\/wp\/v2\/comments?post=27697"}],"version-history":[{"count":0,"href":"https:\/\/radiosurfm.com\/web\/wp-json\/wp\/v2\/posts\/27697\/revisions"}],"wp:featuredmedia":[{"embeddable":true,"href":"https:\/\/radiosurfm.com\/web\/wp-json\/wp\/v2\/media\/27698"}],"wp:attachment":[{"href":"https:\/\/radiosurfm.com\/web\/wp-json\/wp\/v2\/media?parent=27697"}],"wp:term":[{"taxonomy":"category","embeddable":true,"href":"https:\/\/radiosurfm.com\/web\/wp-json\/wp\/v2\/categories?post=27697"},{"taxonomy":"post_tag","embeddable":true,"href":"https:\/\/radiosurfm.com\/web\/wp-json\/wp\/v2\/tags?post=27697"}],"curies":[{"name":"wp","href":"https:\/\/api.w.org\/{rel}","templated":true}]}}