{"id":27702,"date":"2024-11-25T13:08:52","date_gmt":"2024-11-25T16:08:52","guid":{"rendered":"https:\/\/radiosurfm.com\/web\/?p=27702"},"modified":"2024-11-25T13:08:52","modified_gmt":"2024-11-25T16:08:52","slug":"convocatoria-a-jugadoras-para-selecciones-u15-y-u21-femenino","status":"publish","type":"post","link":"https:\/\/radiosurfm.com\/web\/2024\/11\/25\/convocatoria-a-jugadoras-para-selecciones-u15-y-u21-femenino\/","title":{"rendered":"Convocatoria a jugadoras para selecciones U15 y U21 femenino"},"content":{"rendered":"<p>La AGDB convoca a jugadoras U15 y U21 para conformar los preseleccionados femeninos de las categor\u00edas. El provincial de selecciones ser\u00e1 en nuestra ciudad los d\u00edas 14 y 15 de diciembre.<\/p>\n<p>Con motivo de realizarse en el mes de diciembre el Torneo Provincial de Selecciones de las categor\u00edas U15 y U21, la Asociaci\u00f3n Goyana de B\u00e1squet convoca a jugadoras de esas categor\u00edas para la conformaci\u00f3n de los preseleccionados.<\/p>\n<p>El torneo Provincial de Selecciones se realizar\u00e1 en nuestra ciudad los d\u00edas 14 y 15 de diciembre pr\u00f3ximos.<\/p>\n<p>La responsabilidad de las direcciones t\u00e9cnicas estar\u00e1n a cargo de los profesores Jos\u00e9 Gonz\u00e1lez (U15) y Andr\u00e9s Bernasconi (U21).<\/p>\n<p>N\u00d3MINA DE JUGADORAS CONVOCADAS.<\/p>\n<p>CATEGOR\u00cdA U15.<\/p>\n<p>AGDA: P\u00e9rez Danissa, Perrota Abril y Quintana Agustina.<br \/>\nEUCALIPTO: Godoy Morena, Fern\u00e1ndez Aldana, Romero Valentina, Casta\u00f1eda Sof\u00eda.<\/p>\n<p>AMAD: Canteros Milagros, D\u00edaz Natacha, Fern\u00e1ndez Maive, Ga\u00fana Agustina, Hormaechea Juliana, Mu\u00f1oz Clara y Tomasella Mar\u00eda.<\/p>\n<p>UNION: Candia Paula, Ibarrola lara, L\u00f3pez Antonella, L\u00f3pez Malena, L\u00f3pez Priscila y Segovia Yamila.<\/p>\n<p>CATEGOR\u00cdA U21.<\/p>\n<p>AGDA: Bord\u00f3n Brenda, Donini Teodolina, R\u00edos Roc\u00edo y Pintos Meliana.<\/p>\n<p>AMAD: Vega Betania, Vega Nubia y Hormaechea Juliana.<\/p>\n<p>UNION: Leiva Valentina, Morales Brenda, Pereyra Valentina, Zanotti Leila y Segovia Tamar.<\/p>\n<p>A todas las preseleccionadas se las cita para el lunes 25 de noviembre, en instalaciones del club Juventud Unida para el primer d\u00eda de entrenamiento, en los siguientes horarios:<\/p>\n<p>U15 &#8211; 20.00 horas<br \/>\nU21 &#8211; 21.00 horas<\/p>\n","protected":false},"excerpt":{"rendered":"<p>La AGDB convoca a jugadoras U15 y U21 para conformar los preseleccionados femeninos de las categor\u00edas. El provincial de selecciones ser\u00e1 en nuestra ciudad los d\u00edas 14 y 15 de diciembre. Con motivo de realizarse en el mes de diciembre el Torneo Provincial de Selecciones de las categor\u00edas U15 y U21, la Asociaci\u00f3n Goyana de [&hellip;]<\/p>\n","protected":false},"author":2,"featured_media":24894,"comment_status":"open","ping_status":"open","sticky":false,"template":"","format":"standard","meta":{"footnotes":""},"categories":[83,56],"tags":[],"class_list":["post-27702","post","type-post","status-publish","format-standard","has-post-thumbnail","hentry","category-deporte","category-locales"],"_links":{"self":[{"href":"https:\/\/radiosurfm.com\/web\/wp-json\/wp\/v2\/posts\/27702","targetHints":{"allow":["GET"]}}],"collection":[{"href":"https:\/\/radiosurfm.com\/web\/wp-json\/wp\/v2\/posts"}],"about":[{"href":"https:\/\/radiosurfm.com\/web\/wp-json\/wp\/v2\/types\/post"}],"author":[{"embeddable":true,"href":"https:\/\/radiosurfm.com\/web\/wp-json\/wp\/v2\/users\/2"}],"replies":[{"embeddable":true,"href":"https:\/\/radiosurfm.com\/web\/wp-json\/wp\/v2\/comments?post=27702"}],"version-history":[{"count":0,"href":"https:\/\/radiosurfm.com\/web\/wp-json\/wp\/v2\/posts\/27702\/revisions"}],"wp:featuredmedia":[{"embeddable":true,"href":"https:\/\/radiosurfm.com\/web\/wp-json\/wp\/v2\/media\/24894"}],"wp:attachment":[{"href":"https:\/\/radiosurfm.com\/web\/wp-json\/wp\/v2\/media?parent=27702"}],"wp:term":[{"taxonomy":"category","embeddable":true,"href":"https:\/\/radiosurfm.com\/web\/wp-json\/wp\/v2\/categories?post=27702"},{"taxonomy":"post_tag","embeddable":true,"href":"https:\/\/radiosurfm.com\/web\/wp-json\/wp\/v2\/tags?post=27702"}],"curies":[{"name":"wp","href":"https:\/\/api.w.org\/{rel}","templated":true}]}}