{"id":27878,"date":"2024-12-02T12:22:03","date_gmt":"2024-12-02T15:22:03","guid":{"rendered":"https:\/\/radiosurfm.com\/web\/?p=27878"},"modified":"2024-12-02T12:22:03","modified_gmt":"2024-12-02T15:22:03","slug":"el-video-que-circulo-en-redes-con-amenazas-para-patricia-bullrich-y-maximiliano-pullaro","status":"publish","type":"post","link":"https:\/\/radiosurfm.com\/web\/2024\/12\/02\/el-video-que-circulo-en-redes-con-amenazas-para-patricia-bullrich-y-maximiliano-pullaro\/","title":{"rendered":"El video que circul\u00f3 en redes con amenazas para Patricia Bullrich y Maximiliano Pullaro"},"content":{"rendered":"<p>En el video, de poco m\u00e1s de un minuto, se los ve a unos cuatro varones j\u00f3venes armados hasta los dientes y vestidos como si fuesen a la guerra.<b>\u00a0&#8220;Estamos instalados en Buenos Aires, vamos a dejar muertos ac\u00e1&#8221;<\/b>, dice uno de ellos, con tono amenazante. Seg\u00fan informaron fuentes del Ministerio de Seguridad de la Provincia de Santa Fe, el mensaje habr\u00eda sido grabado por una banda narco, con la intenci\u00f3n de sembrar terror, hip\u00f3tesis que fue confirmada casi al instante, sin mayores precisiones, por la cuenta de la Oficina del Presidente.<\/p>\n<p>Los destinatarios de la extra\u00f1a amenaza, que se viraliz\u00f3 como un rayo en las redes por lo expl\u00edcito y burdo de su contenido, ser\u00edan el propio gobernador de esa provincia,\u00a0Maximiliano Pullaro, y la ministra de Seguridad, Patricia Bullrich. Ambos ejecutivos confiraron que tras la difusi\u00f3n del mensaje iniciaron r\u00e1pidamente una denuncia penal por &#8220;terrorismo&#8221;.<\/p>\n<p>\u201cEste video va para vos Pullaro y Bullrich\u201d, arrancan los supuestos narcos en el video, aparentemente grabado en la ciudad de Rosario. &#8220;Hiciste matar a gente inocente y armaron todo para darle m\u00e1s poder a tu banda\u201d, le apuntan a la ministra y al gobernador, para luego llamarlos &#8220;mafiosos&#8221; reclamarles:\u00a0\u201cHagan algo por los chicos, que no se haga el delincuente. Hagan trabajos, escuelas, dejen de hacer pol\u00edticas con los presos\u201d, exigieron.<\/p>\n<p>El video termina con los cuatro protagonistas cargando sus armas. \u201cA vos se\u00f1ora Bullrich, vieja mafiosa, deja de embarrar la cancha y echar le\u00f1a al fuego. Porque estamos internados ac\u00e1 en Buenos Aires, vamos a empezar a dejar muertos ac\u00e1\u201d, siguen las advertencias, que concluyen con las pistolas y metralletas apuntando a c\u00e1mara. \u201cVamos a dejar muertos por toda la capital de Buenos Aires y Santa Fe, vamos por todo, esto nunca va a terminar\u201d, concluyeron.<\/p>\n<p>Una vez que el mensaje circul\u00f3 en las redes sociales, la oficina del presidente emiti\u00f3 un comunicado en el que lo califica de &#8220;una clara amenaza terrorista que pretende infundir terror en la poblaci\u00f3n y en las autoridades electas democr\u00e1ticamente&#8221;. El Gobierno, adem\u00e1s, redobl\u00f3 la apuesta: &#8220;No se equivoquen, con nosotros nunca podr\u00e1n. En la nueva argentina no hay lugar para la violencia armada&#8221;.<\/p>\n<h2>Las armas<\/h2>\n<p>Seg\u00fan trascendi\u00f3, el ministro de Seguridad santafesino, Pablo Cococcioni, estaba anoche realizando &#8220;un informe sobre las armas expuestas en el video&#8221;, con el fin de determinar a sus autores.\u00a0Una pistola Glock, un FAL, una escopeta del 12 y un\u00a0subfusil FMK3 (subfusiles o pistolas ametralladoras, que es como se les llama m\u00e1s com\u00fanmente) ser\u00edan parte de la artiller\u00eda.<\/p>\n<p>De acuerdo a informaci\u00f3n aportada por el ministerio de Seguridad de Santa Fe, las FMK3 eran bastante utilizadas hasta hace pocos meses, &#8220;pero desde mediados de 2023 no aparec\u00eda ninguna y no tenemos un registro de todas las secuestradas&#8221;, confiaran. Las Pistolas 9 mm, en tanto, son de uso com\u00fan. En cambio, de &#8220;escopetas a repetici\u00f3n no hay antecedentes en Rosario&#8221; o al menos no se secuestraron en los \u00faltimos a\u00f1os. El FAL &#8220;es el primero que se ve en manos de rosarinos y coincide con la vainas que estos d\u00edas dejaron en dos balaceras&#8221;, agregaron.<\/p>\n<div class=\"slot-available\"><\/div>\n","protected":false},"excerpt":{"rendered":"<p>En el video, de poco m\u00e1s de un minuto, se los ve a unos cuatro varones j\u00f3venes armados hasta los dientes y vestidos como si fuesen a la guerra.\u00a0&#8220;Estamos instalados en Buenos Aires, vamos a dejar muertos ac\u00e1&#8221;, dice uno de ellos, con tono amenazante. Seg\u00fan informaron fuentes del Ministerio de Seguridad de la Provincia [&hellip;]<\/p>\n","protected":false},"author":2,"featured_media":27879,"comment_status":"open","ping_status":"open","sticky":false,"template":"","format":"standard","meta":{"footnotes":""},"categories":[64,66],"tags":[],"class_list":["post-27878","post","type-post","status-publish","format-standard","has-post-thumbnail","hentry","category-nacionales","category-politica-nacionales"],"_links":{"self":[{"href":"https:\/\/radiosurfm.com\/web\/wp-json\/wp\/v2\/posts\/27878","targetHints":{"allow":["GET"]}}],"collection":[{"href":"https:\/\/radiosurfm.com\/web\/wp-json\/wp\/v2\/posts"}],"about":[{"href":"https:\/\/radiosurfm.com\/web\/wp-json\/wp\/v2\/types\/post"}],"author":[{"embeddable":true,"href":"https:\/\/radiosurfm.com\/web\/wp-json\/wp\/v2\/users\/2"}],"replies":[{"embeddable":true,"href":"https:\/\/radiosurfm.com\/web\/wp-json\/wp\/v2\/comments?post=27878"}],"version-history":[{"count":0,"href":"https:\/\/radiosurfm.com\/web\/wp-json\/wp\/v2\/posts\/27878\/revisions"}],"wp:featuredmedia":[{"embeddable":true,"href":"https:\/\/radiosurfm.com\/web\/wp-json\/wp\/v2\/media\/27879"}],"wp:attachment":[{"href":"https:\/\/radiosurfm.com\/web\/wp-json\/wp\/v2\/media?parent=27878"}],"wp:term":[{"taxonomy":"category","embeddable":true,"href":"https:\/\/radiosurfm.com\/web\/wp-json\/wp\/v2\/categories?post=27878"},{"taxonomy":"post_tag","embeddable":true,"href":"https:\/\/radiosurfm.com\/web\/wp-json\/wp\/v2\/tags?post=27878"}],"curies":[{"name":"wp","href":"https:\/\/api.w.org\/{rel}","templated":true}]}}