{"id":27893,"date":"2024-12-02T12:51:33","date_gmt":"2024-12-02T15:51:33","guid":{"rendered":"https:\/\/radiosurfm.com\/web\/?p=27893"},"modified":"2024-12-02T12:51:33","modified_gmt":"2024-12-02T15:51:33","slug":"la-relacion-entre-macri-y-milei-cada-vez-mas-rota","status":"publish","type":"post","link":"https:\/\/radiosurfm.com\/web\/2024\/12\/02\/la-relacion-entre-macri-y-milei-cada-vez-mas-rota\/","title":{"rendered":"La relaci\u00f3n entre Macri y Milei, cada vez m\u00e1s rota"},"content":{"rendered":"<p>La\u00a0<b>relaci\u00f3n entre el PRO y La Libertad Avanza<\/b>\u00a0est\u00e1 cada vez m\u00e1s rota y, lejos de mermar, el conflicto promete escalar en los pr\u00f3ximos d\u00edas, a\u00fan m\u00e1s con el inminente llamado a\u00a0<b>sesiones extraordinarias<\/b>. La Libertad Avanza no tiene pensado sumar en la lista de temas para enviar al Congreso el\u00a0<b>Presupuesto 2025\u00a0<\/b>&#8211;como ven\u00edan reclamando los gobernadores de Juntos por el Cambio&#8211;, tampoco el supuesto nuevo proyecto de ficha limpia &#8211;del que dicen que a\u00fan ni siquiera empezaron a escribirlo&#8211; y s\u00ed puntualizan que enviar\u00e1n el proyecto para la eliminaci\u00f3n de las PASO. Es decir, todo lo que\u00a0<b>Mauricio Macri<\/b>\u00a0no quiere. Mientras, desde el Pro acusan a LLA de tener &#8220;un pacto con el Kirchnerismo&#8221;. Cerca del presidente<b>\u00a0Javier Milei<\/b>\u00a0suben la apuesta y disparan altivos:\u00a0<b>&#8220;Deprime que la agenda del PRO sea proscribir a CFK y manguear guita&#8221;.<\/b><\/p>\n<p>La crisis entre los dos aliados inaugur\u00f3 un nuevo episodio despu\u00e9s de que el PRO no consigui\u00f3 los n\u00fameros suficientes para tener qu\u00f3rum y votar en la c\u00e1mara de Diputados el proyecto de Ficha Limpia &#8211;cuyo objetivo central es impedir que\u00a0<b>Cristina Fern\u00e1ndez de Kirchner<\/b>\u00a0pueda competir en las elecciones&#8211;. Seg\u00fan la diputada de ese espacio,\u00a0<b>Silvia Lospennato<\/b>, ella se hab\u00eda comunicado con los jefes de los distintos bloques y ten\u00eda los n\u00fameros suficientes para tratarlo. A \u00faltimo momento, sin embargo, solo se sentaron en sus bancas 116 diputados, un n\u00famero muy lejano a 129, que era el necesario. Entre los ausentes figuraron ocho de LLA, tres de PRO\u00a0y\u00a0dos de la UCR.<\/p>\n<p>Desde Casa Rosada argumentan que el oficialismo &#8220;acompa\u00f1aba&#8221; el proyecto, pero que el problema era que\u00a0<b>&#8220;evidentemente&#8221; no estaban los votos<\/b>, y que por m\u00e1s que ellos se hubieran sentado en sus bancas, tampoco iban a estar. Desde el PRO, en tanto, mascullan bronca y responden que\u00a0<b>&#8220;si fuera as\u00ed, se hubieran sentado y no hubieran mandado a llamar a dos nuestros&#8221;,\u00a0<\/b>haciendo referencia a los diputados del PRO\u00a0<b>Jos\u00e9 Nu\u00f1ez y Gabriel Chumpitaz<\/b>, que de manera imprevista no aparecieron en el recinto.<\/p>\n<p>Macri, luego del desplante en Diputados, se mostr\u00f3 furioso en las redes sociales y public\u00f3 una seguidilla de preguntas ret\u00f3ricas teledirigidas al tri\u00e1ngulo de hierro: \u00bfDe verdad nos interesa que los corruptos condenados no puedan seguir ejerciendo cargos p\u00fablicos o queremos simular y usar esa debilidad como un instrumento de presi\u00f3n en otras negociaciones?, dijo. Desde LLA salieron a responderle y espetaron:<b>\u00a0&#8220;Es repugnante el oportunismo como herramienta de acci\u00f3n pol\u00edtica&#8221;.<\/b>\u00a0Por \u00faltimo,\u00a0dijeron que Milei hab\u00eda hablado con Lospennato para proponer un proyecto superador.<\/p>\n<p>Si bien este domingo el presidente de la C\u00e1mara de Diputados,\u00a0<b>Mart\u00edn Menem<\/b>, dijo<i>\u00a0<\/i>que \u201cFicha Limpia va a salir, es un tema de tiempo\u201d, en Casa Rosada explican que<b>\u00a0ni siquiera comenzaron a escribir el nuevo proyecto<\/b>\u00a0y que, por ende,\u00a0<b>&#8220;no creen&#8221; que sea incorporado en el temario de sesiones extraordinarias.<\/b>\u00a0Menem, m\u00e1s all\u00e1 de asegurar que el proyecto alg\u00fan d\u00eda saldr\u00e1, en la misma estrevista tambi\u00e9n se tom\u00f3 unos minutos para criticar al partido amarillo: \u201cNo pudieron sacarla cuando tuvieron 116 diputados\u201d, dispar\u00f3.<\/p>\n<p><b>Cristian Ritondo<\/b>, presidente del bloque del PRO en Diputados, tambi\u00e9n sali\u00f3 a declarar: \u201cDesde el 2016 trabajamos para eso y\u00a0<b>s\u00e9 que cae justo como si fuera para alguien, pero tiene data de muy atr\u00e1s.<\/b>\u00a0Hab\u00eda tiempo para corregir y mejorar este proyecto de ley antes de que llegara al recinto\u201d. Sobre los dos diputados de su bloque que se ausentaron el jueves a\u00f1adi\u00f3 que \u201cel que no estuvo tendr\u00e1 que decir por qu\u00e9 no estuvo\u201d. El jefe de la bancada PRO fue un poco m\u00e1s all\u00e1 y, cuando le consultaron sobre una supuesta &#8220;alianza&#8221; entre el kirchnerismo y LLA acus\u00f3: \u201c<b>No hay nada que compruebe que haya un pacto, pero hay gestualidades que van a la idea de ambos\u201d.<\/b><\/p>\n<p>En Casa Rosada consideran que la teor\u00eda de un supuesto &#8220;pacto&#8221; entre La Libertad Avanza y el kirchnerismo no tiene ning\u00fan sentido ya que ellos piensan que la expresidenta<b>\u00a0&#8220;es la \u00fanica rival que mide m\u00e1s de 15 puntos&#8221;<\/b>, y que, en todo caso, les &#8220;servir\u00eda&#8221; que ella no compita. Lo que argumentan es que, para ellos, tiene que haber una condena firme para poder inhabilitar la competencia de un candidato.<\/p>\n<p>Ritondo hizo este domingo otro pedido al gobierno que, seg\u00fan lo que dicen en Casa Rosada, tampoco se cumplir\u00e1. Dijo que para ellos<b>\u00a0es\u00a0\u201cesencial\u201d que se sume en extraordinarias el Presupuesto 2025<\/b>. Los gobernadores de lo que sol\u00eda ser JxC insisten con este tema, pero desde Balcarce 50 argumentan que &#8220;los gobernadores se excedieron con los reclamos&#8221;, y que no tienen ning\u00fan problema en extender el de 2023.<\/p>\n<p>Si efectivamente, como anticipan en Casa Rosada,\u00a0<b>en la lista de sesiones extraordinarias no aparece el Presupuesto, tampoco un nuevo proyecto de ficha limpia y s\u00ed la eliminaci\u00f3n de las PASO<\/b>, los puentes entre el PRO y LLA estar\u00edan virtualmente rotos. El PRO no quiere la eliminaci\u00f3n de las primarias porque siempre utiliz\u00f3 esa herramienta para dirimir sus internas y se ver\u00edan perjudicados, adem\u00e1s, en el marco de la discusi\u00f3n con LLA.<\/p>\n<p>Este fin de semana\u00a0<b>Karina Milei<\/b>\u00a0encabez\u00f3 en R\u00edo Negro una actividad partidaria y, rodeada de militancia libertaria, dispar\u00f3 un mensaje directo al PRO: &#8220;Las expectativas para el a\u00f1o que viene son claras:\u00a0<b>llenar el Congreso de diputados y senadores de La Libertad Avanza.\u00a0<\/b>Este es un objetivo que requiere el compromiso y esfuerzo de todos, y estoy segura de que juntos lo lograremos\u201d, dijo.<\/p>\n<p>Las molestias con Macri y el PRO, sin embargo, no son solo de Karina &#8211;uno de los v\u00e9rtices del tri\u00e1ngulo de hierro&#8211; sino tambi\u00e9n de otro de los miembros del tridente, Santiago Caputo. \u00c9l env\u00eda mensajes m\u00e1s cr\u00edpticos, pero que tambi\u00e9n muestran su poca intenci\u00f3n de negociar con Macri. La cuenta de Twitter de &#8220;Las fuerzas del cielo&#8221; public\u00f3 en su cuenta de X:<b>\u00a0&#8220;Mauricio, por d\u00e9cima vez: No te vamos a dar la hidrov\u00eda&#8221;<\/b>. Macri a\u00fan conserva una esperanza: que su amigo Milei lo invite a comer milanesas y le conceda alguno de sus deseos.<\/p>\n","protected":false},"excerpt":{"rendered":"<p>La\u00a0relaci\u00f3n entre el PRO y La Libertad Avanza\u00a0est\u00e1 cada vez m\u00e1s rota y, lejos de mermar, el conflicto promete escalar en los pr\u00f3ximos d\u00edas, a\u00fan m\u00e1s con el inminente llamado a\u00a0sesiones extraordinarias. La Libertad Avanza no tiene pensado sumar en la lista de temas para enviar al Congreso el\u00a0Presupuesto 2025\u00a0&#8211;como ven\u00edan reclamando los gobernadores de [&hellip;]<\/p>\n","protected":false},"author":2,"featured_media":27894,"comment_status":"open","ping_status":"open","sticky":false,"template":"","format":"standard","meta":{"footnotes":""},"categories":[64],"tags":[],"class_list":["post-27893","post","type-post","status-publish","format-standard","has-post-thumbnail","hentry","category-nacionales"],"_links":{"self":[{"href":"https:\/\/radiosurfm.com\/web\/wp-json\/wp\/v2\/posts\/27893","targetHints":{"allow":["GET"]}}],"collection":[{"href":"https:\/\/radiosurfm.com\/web\/wp-json\/wp\/v2\/posts"}],"about":[{"href":"https:\/\/radiosurfm.com\/web\/wp-json\/wp\/v2\/types\/post"}],"author":[{"embeddable":true,"href":"https:\/\/radiosurfm.com\/web\/wp-json\/wp\/v2\/users\/2"}],"replies":[{"embeddable":true,"href":"https:\/\/radiosurfm.com\/web\/wp-json\/wp\/v2\/comments?post=27893"}],"version-history":[{"count":0,"href":"https:\/\/radiosurfm.com\/web\/wp-json\/wp\/v2\/posts\/27893\/revisions"}],"wp:featuredmedia":[{"embeddable":true,"href":"https:\/\/radiosurfm.com\/web\/wp-json\/wp\/v2\/media\/27894"}],"wp:attachment":[{"href":"https:\/\/radiosurfm.com\/web\/wp-json\/wp\/v2\/media?parent=27893"}],"wp:term":[{"taxonomy":"category","embeddable":true,"href":"https:\/\/radiosurfm.com\/web\/wp-json\/wp\/v2\/categories?post=27893"},{"taxonomy":"post_tag","embeddable":true,"href":"https:\/\/radiosurfm.com\/web\/wp-json\/wp\/v2\/tags?post=27893"}],"curies":[{"name":"wp","href":"https:\/\/api.w.org\/{rel}","templated":true}]}}