{"id":27896,"date":"2024-12-02T12:54:42","date_gmt":"2024-12-02T15:54:42","guid":{"rendered":"https:\/\/radiosurfm.com\/web\/?p=27896"},"modified":"2024-12-02T12:54:42","modified_gmt":"2024-12-02T15:54:42","slug":"las-universidades-salen-otra-vez-a-las-calles","status":"publish","type":"post","link":"https:\/\/radiosurfm.com\/web\/2024\/12\/02\/las-universidades-salen-otra-vez-a-las-calles\/","title":{"rendered":"Las universidades salen otra vez a las calles"},"content":{"rendered":"<p>La lucha universitaria vuelve a cobrar fuerza en el \u00faltimo mes del a\u00f1o. El Frente Sindical de Universidades Nacionales realizar\u00e1 ma\u00f1ana a las cinco de la tarde una concentraci\u00f3n frente al Palacio Pizzurno en un nuevo reclamo de recomposici\u00f3n salarial. El jueves participar\u00e1 de la movilizaci\u00f3n a Plaza de Mayo convocada contra las pol\u00edticas de ajuste del gobierno de Javier Milei por parte de las dos vertientes de la Central de Trabajadores y Trabajadoras de la Argentina (CTA). \u201cQueremos una navidad sin salarios por debajo del \u00edndice de pobreza\u201d, dijo a\u00a0<b>P\u00e1gina\/12\u00a0<\/b>la secretaria general de Conadu Hist\u00f3rica,\u00a0<b>Francisca Staiti<\/b>.<\/p>\n<p>En la jornada del lunes ante el edificio del ex Ministerio de Educaci\u00f3n, delegados y delegadas del frente sindical universitario le exigir\u00e1n al Gobierno que retome las negociaciones y recomponga la partida presupuestaria destinada a las universidades nacionales -que en su gran mayor\u00eda se utiliza para el pago de salarios docentes y no docentes-. \u201cVamos a hacer una presentaci\u00f3n conjunta con un pedido para que se habilite la reuni\u00f3n paritaria correspondiente para tener alguna respuesta y ver si podemos mejorar la situaci\u00f3n de los compa\u00f1eros y compa\u00f1eras docentes y no docentes universitarios de todo el pa\u00eds en los pr\u00f3ximos meses\u201d, dijo a este diario el secretario general de la Federaci\u00f3n Argentina del Trabajador de las Universidades Nacionales (Fatun),\u00a0<b>Walter Merkis<\/b>. \u201cDiciembre, enero y febrero son meses sin actividad y requieren de alguna acci\u00f3n que nos permita ponernos a salvo\u201d, a\u00f1adi\u00f3 y critic\u00f3 duramente al Gobierno por interrumpir el di\u00e1logo con los sindicatos y desatender los reclamos salariales. \u201cLo \u00fanico que hizo fue imponer para el mes de noviembre un magro, m\u00edsero 2 por ciento de aumento que no cumple con la expectativa de nada\u201d, reclam\u00f3 el dirigente sindical de los no docentes.<\/p>\n<p>Merkis detall\u00f3 la grave situaci\u00f3n que atraviesan los trabajadores y trabajadoras no docentes de las universidades nacionales desde la llegada de Milei a la Casa Rosada. Respecto al sueldo b\u00e1sico, se\u00f1al\u00f3 que las dos categor\u00edas inferiores est\u00e1n por debajo de la l\u00ednea de pobreza. \u201cLogramos un arreglo para las categor\u00edas m\u00e1s chicas, la 7 y la 6, y una garant\u00eda salarial por la cual logramos un plus. Esto lo firm\u00f3 el Gobierno con nosotros porque esas categor\u00edas hab\u00edan quedado por debajo de los 500 mil pesos, eran salarios pr\u00e1cticamente inexistentes\u201d.<\/p>\n<p>Por otra parte, Merkis mostr\u00f3 su preocupaci\u00f3n por la posibilidad de que el Gobierno prescinda de aprobar el Presupuesto 2025 y se maneje con absoluta discrecionalidad en la asignaci\u00f3n de recursos. \u201cAl Gobierno le conviene m\u00e1s, como estrategia, no aprobar el presupuesto porque de esa manera lo maneja como quiere\u201d, advirti\u00f3 y alert\u00f3 sobre las dificultades que tendr\u00e1n las universidades para continuar el a\u00f1o pr\u00f3ximo. \u201cIndudablemente no vamos a poder funcionar en condiciones normales. Van a tener que empezar a ajustarse gran cantidad de servicios y carreras para poder mantener en l\u00ednea el presupuesto de la universidad\u201d, lament\u00f3 el dirigente sindical.<\/p>\n<p>Por su parte, Staiti denunci\u00f3 que el Gobierno quiere imponer para el conjunto de los trabajadores docentes y no docentes la misma pauta salarial que acord\u00f3 con la Uni\u00f3n de Personal Civil de la Naci\u00f3n (UPCN). \u201cDos por ciento para noviembre, que no tuvimos paritaria, y uno por ciento para diciembre\u201d, grafic\u00f3 la secretaria general de Conadu Hist\u00f3rica quien cuestion\u00f3 la actitud de la gesti\u00f3n libertaria. &#8220;El Gobierno ha tenido todo el a\u00f1o, y aparentemente lo va a cerrar de la misma manera, la decisi\u00f3n de cancelar todo tipo de di\u00e1logo con los sindicatos y no reconocer la especificidad de los convenios colectivos de trabajo tanto del sector docente como no docente\u201d, dijo a este diario.<\/p>\n<p>Staiti brind\u00f3 cifras contundentes sobre la ca\u00edda en los ingresos sufrida por la comunidad universitaria desde el inicio del gobierno de La Libertad Avanza. \u201cLa p\u00e9rdida de poder adquisitivo oscila entre un 30 y un 50 por ciento, dependiendo los meses y los cargos correspondientes\u201d, afirm\u00f3 y puso el foco en el desfasaje entre los aumentos y la inflaci\u00f3n acumulada. \u201cDe diciembre del a\u00f1o pasado a noviembre de este a\u00f1o tuvimos un aumento de poco m\u00e1s del 90 por ciento, pero dentro de ese porcentaje est\u00e1 incluido lo que hab\u00edamos acordado con la gesti\u00f3n anterior, que correspond\u00eda a la paritaria 2023, no a la 2024. Ten\u00edamos firmado un 6 por ciento para diciembre y un 10 por ciento para enero con cl\u00e1usula de revisi\u00f3n en enero. Con eso complet\u00e1bamos la paritaria, que se realiza de marzo a febrero. Pero si nosotros descontamos ese 10 por ciento, que no es de la paritaria actual, el porcentaje obviamente es menor\u201d, explic\u00f3 Staiti.<\/p>\n<p>La dirigenta sindical tambi\u00e9n cuestion\u00f3 al Gobierno por atacar las instancias paritarias y deslegitimar el rol de los sindicatos en defensa de los trabajadores. \u201cSe ha desvirtuado la paritaria como espacio de discusi\u00f3n pero tambi\u00e9n nuestros per\u00edodos de discusi\u00f3n paritaria. Estamos viendo cu\u00e1nto incremento salarial nos dan mes a mes, y no estamos discutiendo temas de fondo como los relacionados con los convenios colectivos de trabajo o los fondos de capacitaci\u00f3n. El Gobierno ha limitado la paritaria s\u00f3lo al tema salarial y unilateralmente\u201d, asegur\u00f3.<\/p>\n","protected":false},"excerpt":{"rendered":"<p>La lucha universitaria vuelve a cobrar fuerza en el \u00faltimo mes del a\u00f1o. El Frente Sindical de Universidades Nacionales realizar\u00e1 ma\u00f1ana a las cinco de la tarde una concentraci\u00f3n frente al Palacio Pizzurno en un nuevo reclamo de recomposici\u00f3n salarial. El jueves participar\u00e1 de la movilizaci\u00f3n a Plaza de Mayo convocada contra las pol\u00edticas de [&hellip;]<\/p>\n","protected":false},"author":2,"featured_media":27897,"comment_status":"open","ping_status":"open","sticky":false,"template":"","format":"standard","meta":{"footnotes":""},"categories":[64],"tags":[],"class_list":["post-27896","post","type-post","status-publish","format-standard","has-post-thumbnail","hentry","category-nacionales"],"_links":{"self":[{"href":"https:\/\/radiosurfm.com\/web\/wp-json\/wp\/v2\/posts\/27896","targetHints":{"allow":["GET"]}}],"collection":[{"href":"https:\/\/radiosurfm.com\/web\/wp-json\/wp\/v2\/posts"}],"about":[{"href":"https:\/\/radiosurfm.com\/web\/wp-json\/wp\/v2\/types\/post"}],"author":[{"embeddable":true,"href":"https:\/\/radiosurfm.com\/web\/wp-json\/wp\/v2\/users\/2"}],"replies":[{"embeddable":true,"href":"https:\/\/radiosurfm.com\/web\/wp-json\/wp\/v2\/comments?post=27896"}],"version-history":[{"count":0,"href":"https:\/\/radiosurfm.com\/web\/wp-json\/wp\/v2\/posts\/27896\/revisions"}],"wp:featuredmedia":[{"embeddable":true,"href":"https:\/\/radiosurfm.com\/web\/wp-json\/wp\/v2\/media\/27897"}],"wp:attachment":[{"href":"https:\/\/radiosurfm.com\/web\/wp-json\/wp\/v2\/media?parent=27896"}],"wp:term":[{"taxonomy":"category","embeddable":true,"href":"https:\/\/radiosurfm.com\/web\/wp-json\/wp\/v2\/categories?post=27896"},{"taxonomy":"post_tag","embeddable":true,"href":"https:\/\/radiosurfm.com\/web\/wp-json\/wp\/v2\/tags?post=27896"}],"curies":[{"name":"wp","href":"https:\/\/api.w.org\/{rel}","templated":true}]}}