{"id":27908,"date":"2024-12-02T13:14:25","date_gmt":"2024-12-02T16:14:25","guid":{"rendered":"https:\/\/radiosurfm.com\/web\/?p=27908"},"modified":"2024-12-02T13:14:25","modified_gmt":"2024-12-02T16:14:25","slug":"praxedes-lopez-el-24-de-febrero-volvemos-a-las-aulas-todos-los-niveles-educativos","status":"publish","type":"post","link":"https:\/\/radiosurfm.com\/web\/2024\/12\/02\/praxedes-lopez-el-24-de-febrero-volvemos-a-las-aulas-todos-los-niveles-educativos\/","title":{"rendered":"Pr\u00e1xedes L\u00f3pez: &#8220;El 24 de febrero volvemos a las aulas, todos los niveles educativos&#8221;"},"content":{"rendered":"<p>La ministra de Educaci\u00f3n de la provincia, Pr\u00e1xedes l\u00f3pez, brind\u00f3 detalles sobre el ciclo lectivo 2025.<\/p>\n<p>En declaraciones a la prensa, la funcionaria afirm\u00f3:<strong>\u00a0&#8220;El 24 de febrero volvemos a las aulas, todos los niveles educativos&#8221;.<\/strong><\/p>\n<p>Adem\u00e1s, dijo &#8220;este a\u00f1o se hizo el compromiso de 190 d\u00edas (de clases) y hemos sobrepasado&#8221;.<\/p>\n<p>Por \u00faltimo, la ministra adelant\u00f3 que &#8220;lo que vamos a tener en 2025 es una mirada desde Naci\u00f3n para que se cumplan esos d\u00edas de calendario escolar&#8221;.<\/p>\n","protected":false},"excerpt":{"rendered":"<p>La ministra de Educaci\u00f3n de la provincia, Pr\u00e1xedes l\u00f3pez, brind\u00f3 detalles sobre el ciclo lectivo 2025. En declaraciones a la prensa, la funcionaria afirm\u00f3:\u00a0&#8220;El 24 de febrero volvemos a las aulas, todos los niveles educativos&#8221;. Adem\u00e1s, dijo &#8220;este a\u00f1o se hizo el compromiso de 190 d\u00edas (de clases) y hemos sobrepasado&#8221;. Por \u00faltimo, la ministra [&hellip;]<\/p>\n","protected":false},"author":2,"featured_media":27909,"comment_status":"open","ping_status":"open","sticky":false,"template":"","format":"standard","meta":{"footnotes":""},"categories":[72],"tags":[],"class_list":["post-27908","post","type-post","status-publish","format-standard","has-post-thumbnail","hentry","category-provinciales"],"_links":{"self":[{"href":"https:\/\/radiosurfm.com\/web\/wp-json\/wp\/v2\/posts\/27908","targetHints":{"allow":["GET"]}}],"collection":[{"href":"https:\/\/radiosurfm.com\/web\/wp-json\/wp\/v2\/posts"}],"about":[{"href":"https:\/\/radiosurfm.com\/web\/wp-json\/wp\/v2\/types\/post"}],"author":[{"embeddable":true,"href":"https:\/\/radiosurfm.com\/web\/wp-json\/wp\/v2\/users\/2"}],"replies":[{"embeddable":true,"href":"https:\/\/radiosurfm.com\/web\/wp-json\/wp\/v2\/comments?post=27908"}],"version-history":[{"count":0,"href":"https:\/\/radiosurfm.com\/web\/wp-json\/wp\/v2\/posts\/27908\/revisions"}],"wp:featuredmedia":[{"embeddable":true,"href":"https:\/\/radiosurfm.com\/web\/wp-json\/wp\/v2\/media\/27909"}],"wp:attachment":[{"href":"https:\/\/radiosurfm.com\/web\/wp-json\/wp\/v2\/media?parent=27908"}],"wp:term":[{"taxonomy":"category","embeddable":true,"href":"https:\/\/radiosurfm.com\/web\/wp-json\/wp\/v2\/categories?post=27908"},{"taxonomy":"post_tag","embeddable":true,"href":"https:\/\/radiosurfm.com\/web\/wp-json\/wp\/v2\/tags?post=27908"}],"curies":[{"name":"wp","href":"https:\/\/api.w.org\/{rel}","templated":true}]}}