{"id":28373,"date":"2025-01-08T17:45:24","date_gmt":"2025-01-08T20:45:24","guid":{"rendered":"https:\/\/radiosurfm.com\/web\/?p=28373"},"modified":"2025-01-08T17:45:24","modified_gmt":"2025-01-08T20:45:24","slug":"parque-acuatico-goya-los-fines-de-semana-contara-con-transporte","status":"publish","type":"post","link":"https:\/\/radiosurfm.com\/web\/2025\/01\/08\/parque-acuatico-goya-los-fines-de-semana-contara-con-transporte\/","title":{"rendered":"PARQUE ACU\u00c1TICO GOYA: los fines de semana contar\u00e1 con transporte"},"content":{"rendered":"<p>Desde este viernes se habilita el servicio de colectivo para el traslado a ese espacio recreativo sobre el r\u00edo Santa Lucia. El presidente de la Cooperativa de Trabajo VITUR, Juan Jos\u00e9 Marticorena, responsable del servicio del transporte urbano de pasajeros ser\u00e1 el que se encargar\u00e1 de la prestaci\u00f3n del traslado al parque, se\u00f1al\u00f3 que pondr\u00e1n un servicio diferenciado sin afectar el trabajo habitual de la Cooperativa en el transporte urbano.<\/p>\n<p>El costo del Pasaje al Parque Acu\u00e1tico se estableci\u00f3 en 1000 Pesos.<\/p>\n<p>Marticorena adelant\u00f3, que se envi\u00f3 a &#8220;plotear las unidades destinada a cumplir con este servicio para la gente de Goya.&#8221;<\/p>\n<p><b>DESDE ESTE VIERNES SERVICIO DE COLECTIVO AL PARQUE<\/b><\/p>\n<p>El titular de la Cooperativa, detall\u00f3: &#8220;El servicio que pondremos a disposici\u00f3n saldr\u00e1 los d\u00edas viernes, s\u00e1bado y domingo, desde las 13 horas, el punto de partida la Avenida Alem, toda la Avenida Rolon hasta Avenida Sarmiento, tomando por Avenida Neustadt hasta el Parque Acu\u00e1tico, retornado desde las 18 horas, informamos desde esa hora porque la demanda nos demuestra que podemos hacer como la temporada pasada colocar otras unidades de refuerzo.&#8221;<\/p>\n<p><b>BOLETO \u00daNICO DE 1000 PESOS<\/b><\/p>\n<p>El directivo de la Cooperativa, explic\u00f3: &#8220;El boleto \u00fanico se ha establecido en 1000 Pesos, menores de 5 a\u00f1os no abonan el boleto, es una tarifa general, vale aclarar que es 1000 de ida y el mismo costo para el regreso, de esta manera dispusimos el servicio como en la temporada pasada, de acuerdo a la demanda y necesidad estamos analizando la posibilidad de extender el recorrido.&#8221;<\/p>\n<p><b>SERVICIO DIFERENCIADO<\/b><\/p>\n<p>Marticorena, afirm\u00f3: &#8220;El servicio diferenciado al Parque Acu\u00e1tico no afecta a la prestaci\u00f3n del transporte urbano de pasajeros, para se\u00f1alar las unidades se ha mandado a plotear con las im\u00e1genes de ese espacio para que los usuarios puedan distinguir el micro correspondiente, cada decisi\u00f3n que tomamos est\u00e1 pensado en el bien del ciudadano, es exclusivo para este objetivo, reitero no desafectamos las unidades destinadas al servicio ordinario.&#8221;<\/p>\n<p><b>REFUERZOS DE UNIDADES<\/b><\/p>\n<p>En el final de la entrevista concedida a la Radio AM de Goya, LT6, Juan Jos\u00e9 Marticorena, sostuvo: &#8220;En caso de requerir otras unidades, se sacan de la Cooperativa, no afectamos al transporte urbano de pasajeros, desde este viernes a las 13 de Avenida Alem es el punto de partida, siendo las 18 el horario fijado para el retorno, ofreciendo los d\u00edas viernes, s\u00e1bado y domingo.&#8221;<\/p>\n","protected":false},"excerpt":{"rendered":"<p>Desde este viernes se habilita el servicio de colectivo para el traslado a ese espacio recreativo sobre el r\u00edo Santa Lucia. El presidente de la Cooperativa de Trabajo VITUR, Juan Jos\u00e9 Marticorena, responsable del servicio del transporte urbano de pasajeros ser\u00e1 el que se encargar\u00e1 de la prestaci\u00f3n del traslado al parque, se\u00f1al\u00f3 que pondr\u00e1n [&hellip;]<\/p>\n","protected":false},"author":2,"featured_media":28374,"comment_status":"open","ping_status":"open","sticky":false,"template":"","format":"standard","meta":{"footnotes":""},"categories":[56,71],"tags":[],"class_list":["post-28373","post","type-post","status-publish","format-standard","has-post-thumbnail","hentry","category-locales","category-sociales"],"_links":{"self":[{"href":"https:\/\/radiosurfm.com\/web\/wp-json\/wp\/v2\/posts\/28373","targetHints":{"allow":["GET"]}}],"collection":[{"href":"https:\/\/radiosurfm.com\/web\/wp-json\/wp\/v2\/posts"}],"about":[{"href":"https:\/\/radiosurfm.com\/web\/wp-json\/wp\/v2\/types\/post"}],"author":[{"embeddable":true,"href":"https:\/\/radiosurfm.com\/web\/wp-json\/wp\/v2\/users\/2"}],"replies":[{"embeddable":true,"href":"https:\/\/radiosurfm.com\/web\/wp-json\/wp\/v2\/comments?post=28373"}],"version-history":[{"count":0,"href":"https:\/\/radiosurfm.com\/web\/wp-json\/wp\/v2\/posts\/28373\/revisions"}],"wp:featuredmedia":[{"embeddable":true,"href":"https:\/\/radiosurfm.com\/web\/wp-json\/wp\/v2\/media\/28374"}],"wp:attachment":[{"href":"https:\/\/radiosurfm.com\/web\/wp-json\/wp\/v2\/media?parent=28373"}],"wp:term":[{"taxonomy":"category","embeddable":true,"href":"https:\/\/radiosurfm.com\/web\/wp-json\/wp\/v2\/categories?post=28373"},{"taxonomy":"post_tag","embeddable":true,"href":"https:\/\/radiosurfm.com\/web\/wp-json\/wp\/v2\/tags?post=28373"}],"curies":[{"name":"wp","href":"https:\/\/api.w.org\/{rel}","templated":true}]}}