{"id":28387,"date":"2025-01-08T18:05:41","date_gmt":"2025-01-08T21:05:41","guid":{"rendered":"https:\/\/radiosurfm.com\/web\/?p=28387"},"modified":"2025-01-08T18:05:49","modified_gmt":"2025-01-08T21:05:49","slug":"descontento-y-polemica-en-esquina-por-la-organizacion-de-sus-carnavales","status":"publish","type":"post","link":"https:\/\/radiosurfm.com\/web\/2025\/01\/08\/descontento-y-polemica-en-esquina-por-la-organizacion-de-sus-carnavales\/","title":{"rendered":"Descontento y pol\u00e9mica en Esquina por la organizaci\u00f3n de sus carnavales"},"content":{"rendered":"<p>Descontento y pol\u00e9mica en la ciudad correntina de Esquina por la organizaci\u00f3n de sus carnavales. En di\u00e1logo con ellitoral.com.ar, comparseros aseguraron que de seguir como est\u00e1 pensada la edici\u00f3n 2025, no se presentar\u00e1n a la la fiesta carnestolenda.\u00a0Adem\u00e1s, exigen bailar en la avenida Hip\u00f3lito Yrigoyen de la localidad.<\/p>\n<p><strong>&#8220;Hace algunas semanas nos dijeron que un grupo de empresarios se har\u00eda cargo de nuestros carnavales. Nosotros en principio aceptamos ese proyecto pero el tema es que tres semanas antes de que bailemos nos dijeron que tendremos que presentarnos en una cancha de f\u00fatbol&#8221;, cont\u00f3 una bailarina y comparsera a El Litoral.\u00a0<\/strong><\/p>\n<p>&#8220;La idea de que sea en\u00a0una cancha de f\u00fatbol es para que termine a las tres y media de la ma\u00f1ana y despu\u00e9s\u00a0ellos puedan hacer plata\u00a0si no se venden muchas entradas&#8221;, indicaron en referencia a la empresa que se har\u00eda cargo del evento.<\/p>\n<p><strong>Cabe destacar que hasta el momento los carnavales de Esquina los organizaba completamente la Municipalidad y se realizaban en la avenida central. Este 2025, en tanto, ser\u00edan en el predio cerrado de la Sociedad Sportiva Esquinence, cito en Avenida Hip\u00f3lito Irigoyen, entre calle El Ceibo y calle Los Aromos de la localidad.\u00a0<\/strong><\/p>\n<p>El reclamo de los comparseros atraviesa a las cuatro comparsas.\u00a0\u00a0<strong>&#8220;Estamos todos indignados. No hay un comparsero que quiera bailar as\u00ed. Queremos que se haga en la calle. Si\u00a0ya tenemos nuestro lugar, por qu\u00e9 volver as\u00ed a 20 a\u00f1os atr\u00e1s y bailar en una cancha&#8221;, resaltaron a este medio representantes de\u00a0Car\u00fa Cur\u00e1,\u00a0Yasi Ber\u00e1, Samba Show y Yeroqu\u00ed Por\u00e1.<\/strong><\/p>\n<p><strong>Por esto, el grupo de pasistas y m\u00fasicos planea una reuni\u00f3n con fecha a confirmar. Ser\u00eda esta semana y participar\u00edan integrantes de todas las instituciones.\u00a0<\/strong><\/p>\n<p>&#8220;Nos pusimos de acuerdo y nos vamos a reunir en un lugar donde haya turistas para visibilizar la situaci\u00f3n. Hacemos un esfuerzo econ\u00f3mico muy grande para que nos hagan esto. Nos corresponde bailar en un cors\u00f3dromo&#8221;, aseguraron.<\/p>\n<p>Por este tema, el grupo de comparseros hizo llegar una nota a la organizaci\u00f3n del espect\u00e1culo con los detalles de su solicitud. &#8220;Las dificultades que esto representa como la reducci\u00f3n de la capacidad de espectadores\/as al espect\u00e1culo, la reducci\u00f3n de metros de despliegue y el poco tiempo dispuesto para el desplazamiento de cada comparsa; en contraposici\u00f3n con las caracter\u00edsticas propicias que ofrece la Avenida Hip\u00f3lito Irigoyen para ordenarse, desfilar, desplegar el trabajo realizado, la iluminaci\u00f3n y la ubicaci\u00f3n del sonido, nos posiciona en un lugar de vulnerabilidad a quienes estamos encargados y encargadas de llevar a cabo lo denominado como &lt;carnaval&gt;&#8221;, se\u00f1alaron en el escrito.<\/p>\n<p>El &#8220;Momo&#8221; en Esquina\u00a0se realizar\u00e1 el 25 de enero, 1 y 8 de febrero. Las entradas costar\u00e1n entre 5.000 y 12.000 pesos y ya est\u00e1n a la venta.<\/p>\n<p><strong>Qu\u00e9 dicen los organizadores<\/strong><\/p>\n<p>En di\u00e1logo con\u00a0\u00a0<strong>Actualidad Esquina<\/strong>, Sebasti\u00e1n N\u00fa\u00f1ez, representante de la empresa organizadora, comparti\u00f3 detalles sobre la organizaci\u00f3n del carnaval de Esquina.<\/p>\n<p>N\u00fa\u00f1ez anunci\u00f3 la unificaci\u00f3n de dos canchas mediante asfaltado, creando un espacio m\u00e1s amplio y adecuado. Este proyecto incluir\u00eda una pasarela asfaltada que conectar\u00eda a\u00a0ambos sectores. &#8220;Se busca brindar una experiencia mejorada, tanto para los asistentes como para los artistas, con tribunas, palcos VIP, ba\u00f1os limpios y una organizaci\u00f3n eficiente&#8221;, escribieron.<\/p>\n<p>&#8220;Esquina no deber\u00eda estar debatiendo sobre lugares para el carnaval tras 50 a\u00f1os de historia\u201d, dijo en la entrevista. Seg\u00fan explic\u00f3, esta situaci\u00f3n reflejar\u00eda\u00a0la ausencia de una pol\u00edtica de Estado dedicada a respaldar esta fiesta cultural, que no cuenta con partidas presupuestarias fijas.\u00a0Destac\u00f3 que el costo de preparar y desmontar el predio consumi\u00f3 el 70% del presupuesto del carnaval pasado, lo que afecta directamente a las agrupaciones. N\u00fa\u00f1ez propuso la necesidad de planificar a largo plazo para evitar este tipo de problemas recurrentes.<\/p>\n","protected":false},"excerpt":{"rendered":"<p>Descontento y pol\u00e9mica en la ciudad correntina de Esquina por la organizaci\u00f3n de sus carnavales. En di\u00e1logo con ellitoral.com.ar, comparseros aseguraron que de seguir como est\u00e1 pensada la edici\u00f3n 2025, no se presentar\u00e1n a la la fiesta carnestolenda.\u00a0Adem\u00e1s, exigen bailar en la avenida Hip\u00f3lito Yrigoyen de la localidad. &#8220;Hace algunas semanas nos dijeron que un [&hellip;]<\/p>\n","protected":false},"author":2,"featured_media":28388,"comment_status":"open","ping_status":"open","sticky":false,"template":"","format":"standard","meta":{"footnotes":""},"categories":[67,72,82],"tags":[],"class_list":["post-28387","post","type-post","status-publish","format-standard","has-post-thumbnail","hentry","category-cultura","category-provinciales","category-turismo"],"_links":{"self":[{"href":"https:\/\/radiosurfm.com\/web\/wp-json\/wp\/v2\/posts\/28387","targetHints":{"allow":["GET"]}}],"collection":[{"href":"https:\/\/radiosurfm.com\/web\/wp-json\/wp\/v2\/posts"}],"about":[{"href":"https:\/\/radiosurfm.com\/web\/wp-json\/wp\/v2\/types\/post"}],"author":[{"embeddable":true,"href":"https:\/\/radiosurfm.com\/web\/wp-json\/wp\/v2\/users\/2"}],"replies":[{"embeddable":true,"href":"https:\/\/radiosurfm.com\/web\/wp-json\/wp\/v2\/comments?post=28387"}],"version-history":[{"count":0,"href":"https:\/\/radiosurfm.com\/web\/wp-json\/wp\/v2\/posts\/28387\/revisions"}],"wp:featuredmedia":[{"embeddable":true,"href":"https:\/\/radiosurfm.com\/web\/wp-json\/wp\/v2\/media\/28388"}],"wp:attachment":[{"href":"https:\/\/radiosurfm.com\/web\/wp-json\/wp\/v2\/media?parent=28387"}],"wp:term":[{"taxonomy":"category","embeddable":true,"href":"https:\/\/radiosurfm.com\/web\/wp-json\/wp\/v2\/categories?post=28387"},{"taxonomy":"post_tag","embeddable":true,"href":"https:\/\/radiosurfm.com\/web\/wp-json\/wp\/v2\/tags?post=28387"}],"curies":[{"name":"wp","href":"https:\/\/api.w.org\/{rel}","templated":true}]}}