{"id":28399,"date":"2025-01-08T18:16:40","date_gmt":"2025-01-08T21:16:40","guid":{"rendered":"https:\/\/radiosurfm.com\/web\/?p=28399"},"modified":"2025-01-08T18:16:40","modified_gmt":"2025-01-08T21:16:40","slug":"bullrich-quiere-pasar-por-encima-del-chiqui-tapia-y-que-la-argentina-no-juegue-el-sudamericano-sub-20","status":"publish","type":"post","link":"https:\/\/radiosurfm.com\/web\/2025\/01\/08\/bullrich-quiere-pasar-por-encima-del-chiqui-tapia-y-que-la-argentina-no-juegue-el-sudamericano-sub-20\/","title":{"rendered":"Bullrich quiere pasar por encima del Chiqui Tapia y que la Argentina no juegue el Sudamericano Sub-20"},"content":{"rendered":"<p>A menos de dos semanas para el inicio del Sudamericano Sub-20 en Venezuela, la ministra de Seguridad de la Naci\u00f3n, Patricia Bullrich, expres\u00f3 una presunta preocupaci\u00f3n por la participaci\u00f3n de la Selecci\u00f3n argentina en el torneo. La funcionaria advirti\u00f3 -sin dar muchos m\u00e1s datos- que los jugadores podr\u00edan estar &#8220;en riesgo de ser secuestrados&#8221;, en un contexto de tensi\u00f3n diplom\u00e1tica con el gobierno de Nicol\u00e1s Maduro tras el encarcelamiento del gendarme Nahuel Gallo en Caracas.<\/p>\n<p><b>&#8220;Argentina no va a mandar a chicos que nos puedan secuestrar<\/b>. La Conmebol tendr\u00e1 que pensarlo o tendr\u00e1n que cambiar de sede&#8221;, afirm\u00f3 Bullrich en declaraciones a medios venezolanos.<\/p>\n<p>Para la ministra, el contexto pol\u00edtico en Venezuela con la reciente asunci\u00f3n de Maduro para un nuevo mandato, representa un peligro para la delegaci\u00f3n argentina: &#8220;Estamos trabajando un protocolo para que quede claro cu\u00e1les son los lugares donde un argentino corre riesgo.\u00a0<b>No podemos exponer a nuestros j\u00f3venes en un lugar donde pueden ser tomados de rehenes&#8221;<\/b>.<\/p>\n<p>Bullrich enfatiz\u00f3 su preocupaci\u00f3n haciendo una comparaci\u00f3n entre el caso del gendarme detenido y un eventual riesgo para los jugadores:\u00a0<b>&#8220;\u00bfQu\u00e9 diferencia hay entre un gendarme y un jugador de f\u00fatbol?\u00a0<\/b>Lo pueden acusar de cualquier cosa, como si hubi\u00e9ramos mandado a un polic\u00eda disfrazado de futbolista. Es un riesgo inaceptable&#8221;. Asimismo, plante\u00f3 que la Conmebol podr\u00eda llevar a reconsiderar la sede del torneo,\u00a0<b>programado del 23 de enero al 16 de febrero<\/b>.<\/p>\n<div class=\"slot-available\"><\/div>\n<p><b>Desde la Asociaci\u00f3n del F\u00fatbol Argentino a\u00fan no emitieron declaraciones oficiales<\/b>, aunque el cuerpo t\u00e9cnico liderado por Diego Placente sigue con los preparativos para el certamen.<\/p>\n<p>La tensi\u00f3n diplom\u00e1tica entre Argentina y Venezuela se intensific\u00f3\u00a0<b>luego de la detenci\u00f3n del gendarme Nahuel Gallo<\/b>, quien permanece encarcelado bajo acusaciones a\u00fan no esclarecidas.<\/p>\n<p>Esta situaci\u00f3n, sumada a los controles reforzados en Caracas y la ausencia de representaci\u00f3n diplom\u00e1tica en el pa\u00eds,\u00a0<b>complica todav\u00eda m\u00e1s las relaciones bilaterales y se espera que en los pr\u00f3ximos d\u00edas haya una decisi\u00f3n por parte de Conmebol\u00a0<\/b>sobre el desarrollo del torneo.<\/p>\n<p>&nbsp;<\/p>\n","protected":false},"excerpt":{"rendered":"<p>A menos de dos semanas para el inicio del Sudamericano Sub-20 en Venezuela, la ministra de Seguridad de la Naci\u00f3n, Patricia Bullrich, expres\u00f3 una presunta preocupaci\u00f3n por la participaci\u00f3n de la Selecci\u00f3n argentina en el torneo. La funcionaria advirti\u00f3 -sin dar muchos m\u00e1s datos- que los jugadores podr\u00edan estar &#8220;en riesgo de ser secuestrados&#8221;, en [&hellip;]<\/p>\n","protected":false},"author":2,"featured_media":21580,"comment_status":"open","ping_status":"open","sticky":false,"template":"","format":"standard","meta":{"footnotes":""},"categories":[83,64,66],"tags":[],"class_list":["post-28399","post","type-post","status-publish","format-standard","has-post-thumbnail","hentry","category-deporte","category-nacionales","category-politica-nacionales"],"_links":{"self":[{"href":"https:\/\/radiosurfm.com\/web\/wp-json\/wp\/v2\/posts\/28399","targetHints":{"allow":["GET"]}}],"collection":[{"href":"https:\/\/radiosurfm.com\/web\/wp-json\/wp\/v2\/posts"}],"about":[{"href":"https:\/\/radiosurfm.com\/web\/wp-json\/wp\/v2\/types\/post"}],"author":[{"embeddable":true,"href":"https:\/\/radiosurfm.com\/web\/wp-json\/wp\/v2\/users\/2"}],"replies":[{"embeddable":true,"href":"https:\/\/radiosurfm.com\/web\/wp-json\/wp\/v2\/comments?post=28399"}],"version-history":[{"count":0,"href":"https:\/\/radiosurfm.com\/web\/wp-json\/wp\/v2\/posts\/28399\/revisions"}],"wp:featuredmedia":[{"embeddable":true,"href":"https:\/\/radiosurfm.com\/web\/wp-json\/wp\/v2\/media\/21580"}],"wp:attachment":[{"href":"https:\/\/radiosurfm.com\/web\/wp-json\/wp\/v2\/media?parent=28399"}],"wp:term":[{"taxonomy":"category","embeddable":true,"href":"https:\/\/radiosurfm.com\/web\/wp-json\/wp\/v2\/categories?post=28399"},{"taxonomy":"post_tag","embeddable":true,"href":"https:\/\/radiosurfm.com\/web\/wp-json\/wp\/v2\/tags?post=28399"}],"curies":[{"name":"wp","href":"https:\/\/api.w.org\/{rel}","templated":true}]}}