{"id":28401,"date":"2025-01-09T15:04:08","date_gmt":"2025-01-09T18:04:08","guid":{"rendered":"https:\/\/radiosurfm.com\/web\/?p=28401"},"modified":"2025-01-09T15:04:08","modified_gmt":"2025-01-09T18:04:08","slug":"avion-de-aerolineas-argentinas-aterriza-en-aeroparque-con-falsa-alarma-de-humo-en-cabina","status":"publish","type":"post","link":"https:\/\/radiosurfm.com\/web\/2025\/01\/09\/avion-de-aerolineas-argentinas-aterriza-en-aeroparque-con-falsa-alarma-de-humo-en-cabina\/","title":{"rendered":"Avi\u00f3n de Aerol\u00edneas Argentinas aterriza en Aeroparque con falsa alarma de humo en cabina"},"content":{"rendered":"<p>Un avi\u00f3n de Aerol\u00edneas Argentinas aterriz\u00f3 este mi\u00e9rcoles por la tarde en el Aeroparque Jorge Newbery con una alarma de humo en la cabina, lo que motiv\u00f3 que, por protocolo, se declarara \u201cen emergencia\u201d, provocando por algunos minutos la interrupci\u00f3n de las operaciones en la estaci\u00f3n a\u00e9rea, aunque finalmente se estableci\u00f3 que todo se debi\u00f3 a una falsa alarma t\u00e9cnica.<\/p>\n<p>Seg\u00fan confirmaron a Noticias Argentinas fuentes aeroportuarias, se trat\u00f3 de un Embraer E190, matr\u00edcula LV-CHQ, que con el n\u00famero de vuelo 1749 proced\u00eda de la ciudad de Corrientes y a poco de aterrizar, el comandante inform\u00f3 que se hab\u00eda activado la alarma de \u201chumo en cabina\u201d, por lo que, siguiendo el protocolo, declar\u00f3 la emergencia.<\/p>\n<p>El vuelo, no obstante, aterriz\u00f3 sin ning\u00fan tipo de inconveniente, aunque precisamente por seguir el protocolo, se desplegaron las autobombas, las ambulancias y los medios habituales para estos casos.<\/p>\n<p>Desde la compa\u00f1\u00eda confirmaron que &#8220;se encendi\u00f3 el indicador de humo en cabina durante la llegada a Aeroparque&#8221; y que &#8220;el comandante sigui\u00f3 el protocolo correspondiente y declar\u00f3 la emergencia para tener prioridad en el aterrizaje&#8221;, lo cual ocurri\u00f3 a las 15:43 hora local.<\/p>\n<p>Finalmente, los pasajeros desembarcaron de manera normal y sin ning\u00fan tipo de afectaci\u00f3n y la programaci\u00f3n en Aeroparque continu\u00f3 con normalidad. Ahora se est\u00e1 procurando determinar si se trat\u00f3 de una falla t\u00e9cnica en el sensor o de alg\u00fan otro problema.<\/p>\n","protected":false},"excerpt":{"rendered":"<p>Un avi\u00f3n de Aerol\u00edneas Argentinas aterriz\u00f3 este mi\u00e9rcoles por la tarde en el Aeroparque Jorge Newbery con una alarma de humo en la cabina, lo que motiv\u00f3 que, por protocolo, se declarara \u201cen emergencia\u201d, provocando por algunos minutos la interrupci\u00f3n de las operaciones en la estaci\u00f3n a\u00e9rea, aunque finalmente se estableci\u00f3 que todo se debi\u00f3 [&hellip;]<\/p>\n","protected":false},"author":2,"featured_media":27301,"comment_status":"open","ping_status":"open","sticky":false,"template":"","format":"standard","meta":{"footnotes":""},"categories":[72],"tags":[],"class_list":["post-28401","post","type-post","status-publish","format-standard","has-post-thumbnail","hentry","category-provinciales"],"_links":{"self":[{"href":"https:\/\/radiosurfm.com\/web\/wp-json\/wp\/v2\/posts\/28401","targetHints":{"allow":["GET"]}}],"collection":[{"href":"https:\/\/radiosurfm.com\/web\/wp-json\/wp\/v2\/posts"}],"about":[{"href":"https:\/\/radiosurfm.com\/web\/wp-json\/wp\/v2\/types\/post"}],"author":[{"embeddable":true,"href":"https:\/\/radiosurfm.com\/web\/wp-json\/wp\/v2\/users\/2"}],"replies":[{"embeddable":true,"href":"https:\/\/radiosurfm.com\/web\/wp-json\/wp\/v2\/comments?post=28401"}],"version-history":[{"count":0,"href":"https:\/\/radiosurfm.com\/web\/wp-json\/wp\/v2\/posts\/28401\/revisions"}],"wp:featuredmedia":[{"embeddable":true,"href":"https:\/\/radiosurfm.com\/web\/wp-json\/wp\/v2\/media\/27301"}],"wp:attachment":[{"href":"https:\/\/radiosurfm.com\/web\/wp-json\/wp\/v2\/media?parent=28401"}],"wp:term":[{"taxonomy":"category","embeddable":true,"href":"https:\/\/radiosurfm.com\/web\/wp-json\/wp\/v2\/categories?post=28401"},{"taxonomy":"post_tag","embeddable":true,"href":"https:\/\/radiosurfm.com\/web\/wp-json\/wp\/v2\/tags?post=28401"}],"curies":[{"name":"wp","href":"https:\/\/api.w.org\/{rel}","templated":true}]}}