{"id":28414,"date":"2025-01-09T15:32:49","date_gmt":"2025-01-09T18:32:49","guid":{"rendered":"https:\/\/radiosurfm.com\/web\/?p=28414"},"modified":"2025-01-09T15:32:49","modified_gmt":"2025-01-09T18:32:49","slug":"un-hombre-mayor-de-edad-se-descompenso-en-pleno-centro-de-goya-y-rapidamente-fue-llevado-al-hospital","status":"publish","type":"post","link":"https:\/\/radiosurfm.com\/web\/2025\/01\/09\/un-hombre-mayor-de-edad-se-descompenso-en-pleno-centro-de-goya-y-rapidamente-fue-llevado-al-hospital\/","title":{"rendered":"Un hombre mayor de edad se descompenso en pleno centro de Goya y r\u00e1pidamente fue llevado al hospital"},"content":{"rendered":"<p>Una persona sexo masculino, del que no se conocen los datos, se descompenso de manera repentina en calle 25 de Mayo, casi Col\u00f3n y r\u00e1pidamente fue asistido y trasladado en ambulancia hasta el Hospital Regional \u201cCamilo Muniagurria\u201d. El operativo incluy\u00f3 la presencia de la polic\u00eda de Corrientes, que al observar la situaci\u00f3n debi\u00f3 intervenir deteniendo el veh\u00edculo en el que trasladan 5 detenidos. En cuesti\u00f3n de minutos todo se normaliz\u00f3 al llegar la ambulancia de Salud P\u00fablica y conducir al hospital al paciente.<\/p>\n<p>&nbsp;<\/p>\n","protected":false},"excerpt":{"rendered":"<p>Una persona sexo masculino, del que no se conocen los datos, se descompenso de manera repentina en calle 25 de Mayo, casi Col\u00f3n y r\u00e1pidamente fue asistido y trasladado en ambulancia hasta el Hospital Regional \u201cCamilo Muniagurria\u201d. El operativo incluy\u00f3 la presencia de la polic\u00eda de Corrientes, que al observar la situaci\u00f3n debi\u00f3 intervenir deteniendo [&hellip;]<\/p>\n","protected":false},"author":2,"featured_media":28415,"comment_status":"open","ping_status":"open","sticky":false,"template":"","format":"standard","meta":{"footnotes":""},"categories":[56,68],"tags":[],"class_list":["post-28414","post","type-post","status-publish","format-standard","has-post-thumbnail","hentry","category-locales","category-policiales-nacionales"],"_links":{"self":[{"href":"https:\/\/radiosurfm.com\/web\/wp-json\/wp\/v2\/posts\/28414","targetHints":{"allow":["GET"]}}],"collection":[{"href":"https:\/\/radiosurfm.com\/web\/wp-json\/wp\/v2\/posts"}],"about":[{"href":"https:\/\/radiosurfm.com\/web\/wp-json\/wp\/v2\/types\/post"}],"author":[{"embeddable":true,"href":"https:\/\/radiosurfm.com\/web\/wp-json\/wp\/v2\/users\/2"}],"replies":[{"embeddable":true,"href":"https:\/\/radiosurfm.com\/web\/wp-json\/wp\/v2\/comments?post=28414"}],"version-history":[{"count":0,"href":"https:\/\/radiosurfm.com\/web\/wp-json\/wp\/v2\/posts\/28414\/revisions"}],"wp:featuredmedia":[{"embeddable":true,"href":"https:\/\/radiosurfm.com\/web\/wp-json\/wp\/v2\/media\/28415"}],"wp:attachment":[{"href":"https:\/\/radiosurfm.com\/web\/wp-json\/wp\/v2\/media?parent=28414"}],"wp:term":[{"taxonomy":"category","embeddable":true,"href":"https:\/\/radiosurfm.com\/web\/wp-json\/wp\/v2\/categories?post=28414"},{"taxonomy":"post_tag","embeddable":true,"href":"https:\/\/radiosurfm.com\/web\/wp-json\/wp\/v2\/tags?post=28414"}],"curies":[{"name":"wp","href":"https:\/\/api.w.org\/{rel}","templated":true}]}}