{"id":28445,"date":"2025-01-10T16:55:21","date_gmt":"2025-01-10T19:55:21","guid":{"rendered":"https:\/\/radiosurfm.com\/web\/?p=28445"},"modified":"2025-01-10T16:55:21","modified_gmt":"2025-01-10T19:55:21","slug":"accidente-en-el-acceso-a-saladas-hay-un-muerto-y-varios-heridos","status":"publish","type":"post","link":"https:\/\/radiosurfm.com\/web\/2025\/01\/10\/accidente-en-el-acceso-a-saladas-hay-un-muerto-y-varios-heridos\/","title":{"rendered":"Accidente en el acceso a Saladas: hay un muerto y varios heridos"},"content":{"rendered":"<p>El choque, ocurrido en las primeras horas de este viernes 10 de enero sobre Ruta provincial N\u00b0 13, dej\u00f3 un muerto personal de una estaci\u00f3n de servicio (Ferez\u00edn), y varios heridos, entre ellos un menor de edad derivado al Hospital Escuela de Corrientes.<\/p>\n<p>En la ma\u00f1ana de este viernes, se produjo un grave accidente de tr\u00e1nsito en Ruta Provincial 13, en cercan\u00edas al acceso a la localidad de Saladas.<\/p>\n<p>Dos veh\u00edculos colisionaron violentamente, dejando un saldo de un muerto y varias personas heridas.<\/p>\n<p>Entre los heridos, un menor de edad fue trasladado de urgencia al Hospital Pedi\u00e1trico de Corrientes, mientras que dos adultos fueron derivados al Hospital Escuela.<\/p>\n<p>Hasta el momento, no se ha podido identificar la identidad del menor y se solicita la aparici\u00f3n de alg\u00fan familiar ya que debe ingresar a terapia intensiva.<\/p>\n<p>&#8220;La persona que falleci\u00f3 era Oscar Ferez\u00edn, una persona muy querida en Saladas, \u00e9l estaba terminando su turno de trabajo en una estaci\u00f3n de servicio y el otro veh\u00edculo iba rumbo a la ciudad de Corrientes&#8221;<\/p>\n","protected":false},"excerpt":{"rendered":"<p>El choque, ocurrido en las primeras horas de este viernes 10 de enero sobre Ruta provincial N\u00b0 13, dej\u00f3 un muerto personal de una estaci\u00f3n de servicio (Ferez\u00edn), y varios heridos, entre ellos un menor de edad derivado al Hospital Escuela de Corrientes. En la ma\u00f1ana de este viernes, se produjo un grave accidente de [&hellip;]<\/p>\n","protected":false},"author":2,"featured_media":28446,"comment_status":"open","ping_status":"open","sticky":false,"template":"","format":"standard","meta":{"footnotes":""},"categories":[68,72],"tags":[],"class_list":["post-28445","post","type-post","status-publish","format-standard","has-post-thumbnail","hentry","category-policiales-nacionales","category-provinciales"],"_links":{"self":[{"href":"https:\/\/radiosurfm.com\/web\/wp-json\/wp\/v2\/posts\/28445","targetHints":{"allow":["GET"]}}],"collection":[{"href":"https:\/\/radiosurfm.com\/web\/wp-json\/wp\/v2\/posts"}],"about":[{"href":"https:\/\/radiosurfm.com\/web\/wp-json\/wp\/v2\/types\/post"}],"author":[{"embeddable":true,"href":"https:\/\/radiosurfm.com\/web\/wp-json\/wp\/v2\/users\/2"}],"replies":[{"embeddable":true,"href":"https:\/\/radiosurfm.com\/web\/wp-json\/wp\/v2\/comments?post=28445"}],"version-history":[{"count":0,"href":"https:\/\/radiosurfm.com\/web\/wp-json\/wp\/v2\/posts\/28445\/revisions"}],"wp:featuredmedia":[{"embeddable":true,"href":"https:\/\/radiosurfm.com\/web\/wp-json\/wp\/v2\/media\/28446"}],"wp:attachment":[{"href":"https:\/\/radiosurfm.com\/web\/wp-json\/wp\/v2\/media?parent=28445"}],"wp:term":[{"taxonomy":"category","embeddable":true,"href":"https:\/\/radiosurfm.com\/web\/wp-json\/wp\/v2\/categories?post=28445"},{"taxonomy":"post_tag","embeddable":true,"href":"https:\/\/radiosurfm.com\/web\/wp-json\/wp\/v2\/tags?post=28445"}],"curies":[{"name":"wp","href":"https:\/\/api.w.org\/{rel}","templated":true}]}}